{"id":15263,"date":"2026-08-26T16:41:47","date_gmt":"2026-08-26T20:41:47","guid":{"rendered":"https:\/\/www.neuro-concept.ca\/?p=15263"},"modified":"2026-08-28T13:54:24","modified_gmt":"2026-08-28T17:54:24","slug":"kinesiologues-readaptation-quebec","status":"publish","type":"post","link":"https:\/\/www.neuro-concept.ca\/fr\/kinesiologues-readaptation-quebec\/","title":{"rendered":"La fin d\u2019un mythe : les kin\u00e9siologues ne font pas que promouvoir l\u2019activit\u00e9 physique"},"content":{"rendered":"\t\t<div data-elementor-type=\"wp-post\" data-elementor-id=\"15263\" class=\"elementor elementor-15263\">\n\t\t\t\t\t\t<section class=\"elementor-section elementor-top-section elementor-element elementor-element-913be3e elementor-section-boxed elementor-section-height-default elementor-section-height-default\" data-id=\"913be3e\" data-element_type=\"section\" data-e-type=\"section\">\n\t\t\t\t\t\t<div class=\"elementor-container elementor-column-gap-default\">\n\t\t\t\t\t<div class=\"elementor-column elementor-col-100 elementor-top-column elementor-element elementor-element-3dde766\" data-id=\"3dde766\" data-element_type=\"column\" data-e-type=\"column\">\n\t\t\t<div class=\"elementor-widget-wrap elementor-element-populated\">\n\t\t\t\t\t\t<div class=\"elementor-element elementor-element-bad0698 elementor-widget elementor-widget-heading\" data-id=\"bad0698\" data-element_type=\"widget\" data-e-type=\"widget\" data-widget_type=\"heading.default\">\n\t\t\t\t<div class=\"elementor-widget-container\">\n\t\t\t\t\t<h2 class=\"elementor-heading-title elementor-size-default\">Au-del\u00e0 de l\u2019activit\u00e9 physique : l\u2019int\u00e9gration des kin\u00e9siologues \u00e0 l\u2019Ordre des ergoth\u00e9rapeutes r\u00e9v\u00e8le le r\u00f4le m\u00e9connu de la kin\u00e9siologie en r\u00e9adaptation<\/h2>\t\t\t\t<\/div>\n\t\t\t\t<\/div>\n\t\t\t\t<div class=\"elementor-element elementor-element-1260454 elementor-widget elementor-widget-text-editor\" data-id=\"1260454\" data-element_type=\"widget\" data-e-type=\"widget\" data-widget_type=\"text-editor.default\">\n\t\t\t\t<div class=\"elementor-widget-container\">\n\t\t\t\t\t\t\t\t\t<p><em>Par Dre Murielle Grangeon, PhD, Kin, Admin.A.<\/em><\/p>\t\t\t\t\t\t\t\t<\/div>\n\t\t\t\t<\/div>\n\t\t\t\t\t<\/div>\n\t\t<\/div>\n\t\t\t\t\t<\/div>\n\t\t<\/section>\n\t\t\t\t<section class=\"elementor-section elementor-top-section elementor-element elementor-element-1a072f1 elementor-section-boxed elementor-section-height-default elementor-section-height-default\" data-id=\"1a072f1\" data-element_type=\"section\" data-e-type=\"section\">\n\t\t\t\t\t\t<div class=\"elementor-container elementor-column-gap-default\">\n\t\t\t\t\t<div class=\"elementor-column elementor-col-100 elementor-top-column elementor-element elementor-element-be905bc\" data-id=\"be905bc\" data-element_type=\"column\" data-e-type=\"column\">\n\t\t\t<div class=\"elementor-widget-wrap elementor-element-populated\">\n\t\t\t\t\t\t<div class=\"elementor-element elementor-element-7e3f5d1 elementor-widget elementor-widget-text-editor\" data-id=\"7e3f5d1\" data-element_type=\"widget\" data-e-type=\"widget\" data-widget_type=\"text-editor.default\">\n\t\t\t\t<div class=\"elementor-widget-container\">\n\t\t\t\t\t\t\t\t\t<p>Imaginez deux personnes de 70 ans.<\/p><div><p>La premi\u00e8re marche chaque jour, fait ses courses seule, monte les escaliers sans difficult\u00e9 et continue de participer activement \u00e0 sa communaut\u00e9.<\/p><p>La seconde vit avec les m\u00eames diagnostics m\u00e9dicaux, mais peine \u00e0 se d\u00e9placer, \u00e9vite les sorties et d\u00e9pend davantage de son entourage pour accomplir certaines t\u00e2ches du quotidien.<\/p><p>Dans les deux cas, la question n\u2019est plus seulement de savoir quelles maladies elles pr\u00e9sentent. La v\u00e9ritable question est plut\u00f4t celle-ci : <strong>dans quelle mesure sont-elles capables de fonctionner, de participer et de demeurer autonomes?<\/strong><\/p><p>Cette notion de fonctionnement humain est en train de devenir l\u2019un des enjeux les plus importants de notre syst\u00e8me de sant\u00e9.<\/p><p>C\u2019est \u00e9galement au c\u0153ur du travail r\u00e9alis\u00e9 quotidiennement par les kin\u00e9siologues.<\/p><p>L\u2019annonce r\u00e9cente de l\u2019int\u00e9gration des kin\u00e9siologues \u00e0 l\u2019Ordre des ergoth\u00e9rapeutes du Qu\u00e9bec (OEQ) a suscit\u00e9 de nombreux d\u00e9bats. Plusieurs y voient une \u00e9tape importante vers la reconnaissance professionnelle. D\u2019autres s\u2019interrogent sur les liens entre la kin\u00e9siologie et l\u2019ergoth\u00e9rapie.<\/p><p>Or, derri\u00e8re cette r\u00e9forme se cache une r\u00e9alit\u00e9 beaucoup plus int\u00e9ressante : elle met en lumi\u00e8re une facette encore m\u00e9connue de la profession.<\/p><p>Pour une grande partie de la population, le kin\u00e9siologue demeure associ\u00e9 \u00e0 l\u2019entra\u00eenement, \u00e0 la remise en forme ou \u00e0 la promotion des saines habitudes de vie. Pourtant, dans les milieux de soins, de r\u00e9adaptation et de recherche, la profession s\u2019est profond\u00e9ment transform\u00e9e au cours des derni\u00e8res d\u00e9cennies.<\/p><p>Aujourd\u2019hui, les kin\u00e9siologues contribuent non seulement \u00e0 pr\u00e9venir les maladies, mais aussi \u00e0 maintenir, am\u00e9liorer et r\u00e9cup\u00e9rer les capacit\u00e9s fonctionnelles de personnes vivant avec des probl\u00e8mes de sant\u00e9 complexes, des limitations physiques ou des maladies neurologiques.<\/p><p>En choisissant l\u2019Ordre des ergoth\u00e9rapeutes comme ordre d\u2019accueil, le gouvernement du Qu\u00e9bec reconna\u00eet implicitement cette r\u00e9alit\u00e9: la kin\u00e9siologie ne se limite plus \u00e0 l\u2019activit\u00e9 physique. Elle participe d\u00e9sormais pleinement aux efforts visant \u00e0 pr\u00e9server l\u2019autonomie, favoriser la participation sociale et optimiser le fonctionnement humain.<\/p><p>Et dans un Qu\u00e9bec confront\u00e9 au vieillissement de sa population, \u00e0 l\u2019augmentation des maladies chroniques et aux besoins croissants en r\u00e9adaptation, cette distinction pourrait avoir des cons\u00e9quences bien plus importantes qu\u2019il n\u2019y para\u00eet.<\/p><\/div>\t\t\t\t\t\t\t\t<\/div>\n\t\t\t\t<\/div>\n\t\t\t\t\t<\/div>\n\t\t<\/div>\n\t\t\t\t\t<\/div>\n\t\t<\/section>\n\t\t\t\t<section class=\"elementor-section elementor-top-section elementor-element elementor-element-b091174 elementor-section-boxed elementor-section-height-default elementor-section-height-default\" data-id=\"b091174\" data-element_type=\"section\" data-e-type=\"section\">\n\t\t\t\t\t\t<div class=\"elementor-container elementor-column-gap-default\">\n\t\t\t\t\t<div class=\"elementor-column elementor-col-100 elementor-top-column elementor-element elementor-element-97cf240\" data-id=\"97cf240\" data-element_type=\"column\" data-e-type=\"column\">\n\t\t\t<div class=\"elementor-widget-wrap elementor-element-populated\">\n\t\t\t\t\t\t<div class=\"elementor-element elementor-element-b3be58a elementor-widget-divider--view-line elementor-widget elementor-widget-divider\" data-id=\"b3be58a\" data-element_type=\"widget\" data-e-type=\"widget\" data-widget_type=\"divider.default\">\n\t\t\t\t<div class=\"elementor-widget-container\">\n\t\t\t\t\t\t\t<div class=\"elementor-divider\">\n\t\t\t<span class=\"elementor-divider-separator\">\n\t\t\t\t\t\t<\/span>\n\t\t<\/div>\n\t\t\t\t\t\t<\/div>\n\t\t\t\t<\/div>\n\t\t\t\t\t<\/div>\n\t\t<\/div>\n\t\t\t\t\t<\/div>\n\t\t<\/section>\n\t\t\t\t<section class=\"elementor-section elementor-top-section elementor-element elementor-element-9c11aae elementor-section-boxed elementor-section-height-default elementor-section-height-default\" data-id=\"9c11aae\" data-element_type=\"section\" data-e-type=\"section\">\n\t\t\t\t\t\t<div class=\"elementor-container elementor-column-gap-default\">\n\t\t\t\t\t<div class=\"elementor-column elementor-col-100 elementor-top-column elementor-element elementor-element-2237d08\" data-id=\"2237d08\" data-element_type=\"column\" data-e-type=\"column\">\n\t\t\t<div class=\"elementor-widget-wrap elementor-element-populated\">\n\t\t\t\t\t\t<div class=\"elementor-element elementor-element-43639ef elementor-widget elementor-widget-heading\" data-id=\"43639ef\" data-element_type=\"widget\" data-e-type=\"widget\" data-widget_type=\"heading.default\">\n\t\t\t\t<div class=\"elementor-widget-container\">\n\t\t\t\t\t<h2 class=\"elementor-heading-title elementor-size-default\">Une profession souvent r\u00e9duite \u00e0 tort \u00e0 l\u2019exercice physique<\/h2>\t\t\t\t<\/div>\n\t\t\t\t<\/div>\n\t\t\t\t<div class=\"elementor-element elementor-element-a4e5ed5 elementor-widget elementor-widget-text-editor\" data-id=\"a4e5ed5\" data-element_type=\"widget\" data-e-type=\"widget\" data-widget_type=\"text-editor.default\">\n\t\t\t\t<div class=\"elementor-widget-container\">\n\t\t\t\t\t\t\t\t\t<p>Lorsque l\u2019on parle de kin\u00e9siologie, le discours public met g\u00e9n\u00e9ralement l\u2019accent sur la pr\u00e9vention des maladies chroniques, la promotion de l\u2019activit\u00e9 physique ou la lutte contre la s\u00e9dentarit\u00e9. Ces dimensions sont importantes et constituent m\u00eame l\u2019un des fondements historiques de la profession. Cependant, limiter la kin\u00e9siologie \u00e0 cette seule r\u00e9alit\u00e9 revient \u00e0 ignorer une part essentielle de la pratique actuelle du kin\u00e9siologue.<\/p>\t\t\t\t\t\t\t\t<\/div>\n\t\t\t\t<\/div>\n\t\t\t\t\t<\/div>\n\t\t<\/div>\n\t\t\t\t\t<\/div>\n\t\t<\/section>\n\t\t\t\t<section class=\"elementor-section elementor-top-section elementor-element elementor-element-6361950 elementor-section-boxed elementor-section-height-default elementor-section-height-default\" data-id=\"6361950\" data-element_type=\"section\" data-e-type=\"section\">\n\t\t\t\t\t\t<div class=\"elementor-container elementor-column-gap-default\">\n\t\t\t\t\t<div class=\"elementor-column elementor-col-50 elementor-top-column elementor-element elementor-element-3c1387d\" data-id=\"3c1387d\" data-element_type=\"column\" data-e-type=\"column\">\n\t\t\t<div class=\"elementor-widget-wrap elementor-element-populated\">\n\t\t\t\t\t\t<div class=\"elementor-element elementor-element-21eaaed elementor-widget elementor-widget-image\" data-id=\"21eaaed\" data-element_type=\"widget\" data-e-type=\"widget\" data-widget_type=\"image.default\">\n\t\t\t\t<div class=\"elementor-widget-container\">\n\t\t\t\t\t\t\t\t\t\t\t\t\t\t\t<img fetchpriority=\"high\" decoding=\"async\" width=\"1024\" height=\"572\" src=\"https:\/\/www.neuro-concept.ca\/wp-content\/uploads\/2026\/08\/kinesiologie-readaptation-1024x572.png\" class=\"attachment-large size-large wp-image-15264\" alt=\"kinesiologie-readaptation\" srcset=\"https:\/\/www.neuro-concept.ca\/wp-content\/uploads\/2026\/08\/kinesiologie-readaptation-1024x572.png 1024w, https:\/\/www.neuro-concept.ca\/wp-content\/uploads\/2026\/08\/kinesiologie-readaptation-300x167.png 300w, https:\/\/www.neuro-concept.ca\/wp-content\/uploads\/2026\/08\/kinesiologie-readaptation.png 1376w\" sizes=\"(max-width: 1024px) 100vw, 1024px\" \/>\t\t\t\t\t\t\t\t\t\t\t\t\t\t\t<\/div>\n\t\t\t\t<\/div>\n\t\t\t\t<div class=\"elementor-element elementor-element-71817e7 elementor-widget elementor-widget-text-editor\" data-id=\"71817e7\" data-element_type=\"widget\" data-e-type=\"widget\" data-widget_type=\"text-editor.default\">\n\t\t\t\t<div class=\"elementor-widget-container\">\n\t\t\t\t\t\t\t\t\t<p><strong>L\u2019activit\u00e9 physique repr\u00e9sente un moyen. La fonction repr\u00e9sente souvent la finalit\u00e9.<\/strong><\/p>\t\t\t\t\t\t\t\t<\/div>\n\t\t\t\t<\/div>\n\t\t\t\t\t<\/div>\n\t\t<\/div>\n\t\t\t\t<div class=\"elementor-column elementor-col-50 elementor-top-column elementor-element elementor-element-0f299b0\" data-id=\"0f299b0\" data-element_type=\"column\" data-e-type=\"column\">\n\t\t\t<div class=\"elementor-widget-wrap elementor-element-populated\">\n\t\t\t\t\t\t<div class=\"elementor-element elementor-element-99432c1 elementor-widget elementor-widget-text-editor\" data-id=\"99432c1\" data-element_type=\"widget\" data-e-type=\"widget\" data-widget_type=\"text-editor.default\">\n\t\t\t\t<div class=\"elementor-widget-container\">\n\t\t\t\t\t\t\t\t\t<p>Chaque jour, des kin\u00e9siologues interviennent aupr\u00e8s de personnes vivant avec des limitations fonctionnelles temporaires ou permanentes. On les retrouve en r\u00e9adaptation cardiovasculaire, en oncologie, en g\u00e9riatrie, en sant\u00e9 mentale, en r\u00e9adaptation musculosquelettique ainsi qu\u2019aupr\u00e8s de personnes vivant avec une condition neurologique.<\/p><p>Dans ces contextes, leur objectif n\u2019est pas simplement d\u2019augmenter le niveau d\u2019activit\u00e9 physique. Il consiste \u00e0 favoriser le maintien, l\u2019am\u00e9lioration ou la r\u00e9cup\u00e9ration des capacit\u00e9s n\u00e9cessaires \u00e0 l\u2019autonomie, \u00e0 la participation sociale et \u00e0 la qualit\u00e9 de vie. Cette distinction est fondamentale.<\/p>\t\t\t\t\t\t\t\t<\/div>\n\t\t\t\t<\/div>\n\t\t\t\t\t<\/div>\n\t\t<\/div>\n\t\t\t\t\t<\/div>\n\t\t<\/section>\n\t\t\t\t<section class=\"elementor-section elementor-top-section elementor-element elementor-element-4c70680 elementor-section-boxed elementor-section-height-default elementor-section-height-default\" data-id=\"4c70680\" data-element_type=\"section\" data-e-type=\"section\">\n\t\t\t\t\t\t<div class=\"elementor-container elementor-column-gap-default\">\n\t\t\t\t\t<div class=\"elementor-column elementor-col-100 elementor-top-column elementor-element elementor-element-81e6fcc\" data-id=\"81e6fcc\" data-element_type=\"column\" data-e-type=\"column\">\n\t\t\t<div class=\"elementor-widget-wrap elementor-element-populated\">\n\t\t\t\t\t\t<div class=\"elementor-element elementor-element-9f176a5 elementor-widget-divider--view-line elementor-widget elementor-widget-divider\" data-id=\"9f176a5\" data-element_type=\"widget\" data-e-type=\"widget\" data-widget_type=\"divider.default\">\n\t\t\t\t<div class=\"elementor-widget-container\">\n\t\t\t\t\t\t\t<div class=\"elementor-divider\">\n\t\t\t<span class=\"elementor-divider-separator\">\n\t\t\t\t\t\t<\/span>\n\t\t<\/div>\n\t\t\t\t\t\t<\/div>\n\t\t\t\t<\/div>\n\t\t\t\t\t<\/div>\n\t\t<\/div>\n\t\t\t\t\t<\/div>\n\t\t<\/section>\n\t\t\t\t<section class=\"elementor-section elementor-top-section elementor-element elementor-element-dfece9d elementor-section-boxed elementor-section-height-default elementor-section-height-default\" data-id=\"dfece9d\" data-element_type=\"section\" data-e-type=\"section\">\n\t\t\t\t\t\t<div class=\"elementor-container elementor-column-gap-default\">\n\t\t\t\t\t<div class=\"elementor-column elementor-col-100 elementor-top-column elementor-element elementor-element-b560e72\" data-id=\"b560e72\" data-element_type=\"column\" data-e-type=\"column\">\n\t\t\t<div class=\"elementor-widget-wrap elementor-element-populated\">\n\t\t\t\t\t\t<div class=\"elementor-element elementor-element-4b7ce1b elementor-widget elementor-widget-heading\" data-id=\"4b7ce1b\" data-element_type=\"widget\" data-e-type=\"widget\" data-widget_type=\"heading.default\">\n\t\t\t\t<div class=\"elementor-widget-container\">\n\t\t\t\t\t<h2 class=\"elementor-heading-title elementor-size-default\">De la prescription d\u2019exercices \u00e0 l\u2019intervention fond\u00e9e sur les sciences du mouvement<\/h2>\t\t\t\t<\/div>\n\t\t\t\t<\/div>\n\t\t\t\t\t<\/div>\n\t\t<\/div>\n\t\t\t\t\t<\/div>\n\t\t<\/section>\n\t\t\t\t<section class=\"elementor-section elementor-top-section elementor-element elementor-element-d1072cf elementor-section-boxed elementor-section-height-default elementor-section-height-default\" data-id=\"d1072cf\" data-element_type=\"section\" data-e-type=\"section\">\n\t\t\t\t\t\t<div class=\"elementor-container elementor-column-gap-default\">\n\t\t\t\t\t<div class=\"elementor-column elementor-col-66 elementor-top-column elementor-element elementor-element-6110b6e\" data-id=\"6110b6e\" data-element_type=\"column\" data-e-type=\"column\">\n\t\t\t<div class=\"elementor-widget-wrap elementor-element-populated\">\n\t\t\t\t\t\t<div class=\"elementor-element elementor-element-ef275c3 elementor-widget elementor-widget-text-editor\" data-id=\"ef275c3\" data-element_type=\"widget\" data-e-type=\"widget\" data-widget_type=\"text-editor.default\">\n\t\t\t\t<div class=\"elementor-widget-container\">\n\t\t\t\t\t\t\t\t\t<p>L\u2019\u00e9volution de la kin\u00e9siologie refl\u00e8te celle des connaissances scientifiques sur le mouvement humain.<\/p><div><p>Historiquement, la profession s\u2019est d\u00e9velopp\u00e9e autour de l\u2019am\u00e9lioration de la condition physique et de la performance. Aujourd\u2019hui, les avanc\u00e9es en physiologie de l\u2019exercice, en biom\u00e9canique, en neurosciences et en r\u00e9adaptation ont profond\u00e9ment transform\u00e9 la compr\u00e9hension du r\u00f4le du mouvement dans la sant\u00e9.<\/p><p>Le mouvement n\u2019est plus seulement per\u00e7u comme un outil de pr\u00e9vention. Il est d\u00e9sormais reconnu comme un d\u00e9terminant majeur du fonctionnement humain.<\/p><\/div>\t\t\t\t\t\t\t\t<\/div>\n\t\t\t\t<\/div>\n\t\t\t\t\t<\/div>\n\t\t<\/div>\n\t\t\t\t<div class=\"elementor-column elementor-col-33 elementor-top-column elementor-element elementor-element-25a3cac\" data-id=\"25a3cac\" data-element_type=\"column\" data-e-type=\"column\">\n\t\t\t<div class=\"elementor-widget-wrap elementor-element-populated\">\n\t\t\t\t\t\t<div class=\"elementor-element elementor-element-6ccd10d elementor-widget elementor-widget-image\" data-id=\"6ccd10d\" data-element_type=\"widget\" data-e-type=\"widget\" data-widget_type=\"image.default\">\n\t\t\t\t<div class=\"elementor-widget-container\">\n\t\t\t\t\t\t\t\t\t\t\t\t\t\t\t<img decoding=\"async\" width=\"1024\" height=\"572\" src=\"https:\/\/www.neuro-concept.ca\/wp-content\/uploads\/2026\/08\/Firefly_Gemini-Flash_generer-une-image-illustrant-ce-texte-Historiquement-la-profession-de-kinesiologue-595971-1024x572.png\" class=\"attachment-large size-large wp-image-15268\" alt=\"readaptation neuro\" srcset=\"https:\/\/www.neuro-concept.ca\/wp-content\/uploads\/2026\/08\/Firefly_Gemini-Flash_generer-une-image-illustrant-ce-texte-Historiquement-la-profession-de-kinesiologue-595971-1024x572.png 1024w, https:\/\/www.neuro-concept.ca\/wp-content\/uploads\/2026\/08\/Firefly_Gemini-Flash_generer-une-image-illustrant-ce-texte-Historiquement-la-profession-de-kinesiologue-595971-300x167.png 300w, https:\/\/www.neuro-concept.ca\/wp-content\/uploads\/2026\/08\/Firefly_Gemini-Flash_generer-une-image-illustrant-ce-texte-Historiquement-la-profession-de-kinesiologue-595971.png 1376w\" sizes=\"(max-width: 1024px) 100vw, 1024px\" \/>\t\t\t\t\t\t\t\t\t\t\t\t\t\t\t<\/div>\n\t\t\t\t<\/div>\n\t\t\t\t\t<\/div>\n\t\t<\/div>\n\t\t\t\t\t<\/div>\n\t\t<\/section>\n\t\t\t\t<section class=\"elementor-section elementor-top-section elementor-element elementor-element-70ef45a elementor-section-boxed elementor-section-height-default elementor-section-height-default\" data-id=\"70ef45a\" data-element_type=\"section\" data-e-type=\"section\">\n\t\t\t\t\t\t<div class=\"elementor-container elementor-column-gap-default\">\n\t\t\t\t\t<div class=\"elementor-column elementor-col-100 elementor-top-column elementor-element elementor-element-4204325\" data-id=\"4204325\" data-element_type=\"column\" data-e-type=\"column\">\n\t\t\t<div class=\"elementor-widget-wrap elementor-element-populated\">\n\t\t\t\t\t\t<div class=\"elementor-element elementor-element-b3b1f28 elementor-widget elementor-widget-text-editor\" data-id=\"b3b1f28\" data-element_type=\"widget\" data-e-type=\"widget\" data-widget_type=\"text-editor.default\">\n\t\t\t\t<div class=\"elementor-widget-container\">\n\t\t\t\t\t\t\t\t\t<p>Les recherches d\u00e9montrent qu\u2019il influence non seulement les capacit\u00e9s cardiovasculaires et musculaires, mais \u00e9galement les fonctions neurologiques, cognitives, m\u00e9taboliques et psychologiques. Cette vision plus globale a contribu\u00e9 \u00e0 \u00e9largir consid\u00e9rablement le r\u00f4le clinique des kin\u00e9siologues.<\/p><p>Ainsi, lorsqu\u2019un kin\u00e9siologue intervient aupr\u00e8s d\u2019une personne ayant subi un AVC, vivant avec la maladie de Parkinson, souffrant de douleurs chroniques ou r\u00e9cup\u00e9rant d\u2019un cancer, son intervention ne vise pas uniquement l\u2019am\u00e9lioration de la forme physique. Elle s\u2019inscrit dans une d\u00e9marche clinique visant \u00e0 optimiser les capacit\u00e9s r\u00e9siduelles, favoriser l\u2019adaptation fonctionnelle et maximiser l\u2019autonomie.<\/p>\t\t\t\t\t\t\t\t<\/div>\n\t\t\t\t<\/div>\n\t\t\t\t\t<\/div>\n\t\t<\/div>\n\t\t\t\t\t<\/div>\n\t\t<\/section>\n\t\t\t\t<section class=\"elementor-section elementor-top-section elementor-element elementor-element-3460d53 elementor-section-boxed elementor-section-height-default elementor-section-height-default\" data-id=\"3460d53\" data-element_type=\"section\" data-e-type=\"section\">\n\t\t\t\t\t\t<div class=\"elementor-container elementor-column-gap-default\">\n\t\t\t\t\t<div class=\"elementor-column elementor-col-100 elementor-top-column elementor-element elementor-element-9eb10df\" data-id=\"9eb10df\" data-element_type=\"column\" data-e-type=\"column\">\n\t\t\t<div class=\"elementor-widget-wrap elementor-element-populated\">\n\t\t\t\t\t\t<div class=\"elementor-element elementor-element-8814001 elementor-widget elementor-widget-heading\" data-id=\"8814001\" data-element_type=\"widget\" data-e-type=\"widget\" data-widget_type=\"heading.default\">\n\t\t\t\t<div class=\"elementor-widget-container\">\n\t\t\t\t\t<h2 class=\"elementor-heading-title elementor-size-default\">Quand le mouvement devient un outil de r\u00e9adaptation<\/h2>\t\t\t\t<\/div>\n\t\t\t\t<\/div>\n\t\t\t\t\t<\/div>\n\t\t<\/div>\n\t\t\t\t\t<\/div>\n\t\t<\/section>\n\t\t\t\t<section class=\"elementor-section elementor-top-section elementor-element elementor-element-624b580 elementor-section-boxed elementor-section-height-default elementor-section-height-default\" data-id=\"624b580\" data-element_type=\"section\" data-e-type=\"section\">\n\t\t\t\t\t\t<div class=\"elementor-container elementor-column-gap-default\">\n\t\t\t\t\t<div class=\"elementor-column elementor-col-100 elementor-top-column elementor-element elementor-element-f308c8f\" data-id=\"f308c8f\" data-element_type=\"column\" data-e-type=\"column\">\n\t\t\t<div class=\"elementor-widget-wrap elementor-element-populated\">\n\t\t\t\t\t\t<div class=\"elementor-element elementor-element-65746e8 elementor-widget elementor-widget-text-editor\" data-id=\"65746e8\" data-element_type=\"widget\" data-e-type=\"widget\" data-widget_type=\"text-editor.default\">\n\t\t\t\t<div class=\"elementor-widget-container\">\n\t\t\t\t\t\t\t\t\t<p>La r\u00e9adaptation repose sur un principe simple: permettre \u00e0 une personne de retrouver le plus haut niveau d\u2019autonomie et de participation possible apr\u00e8s une maladie, une blessure ou une perte de capacit\u00e9s.<\/p><div><p>Dans cette perspective, le mouvement devient un v\u00e9ritable outil th\u00e9rapeutique.<\/p><p>Apr\u00e8s un infarctus, un accident vasculaire c\u00e9r\u00e9bral, un traitement contre le cancer ou une chirurgie orthop\u00e9dique, les d\u00e9fis rencontr\u00e9s par les patients d\u00e9passent souvent la simple condition m\u00e9dicale. Ils touchent la capacit\u00e9 de marcher, de travailler, de monter des escaliers, d\u2019effectuer les activit\u00e9s quotidiennes ou de participer pleinement \u00e0 la vie sociale.<\/p><p>Le r\u00f4le du kin\u00e9siologue consiste alors notamment \u00e0 \u00e9valuer les capacit\u00e9s physiques et fonctionnelles de la personne, \u00e0 documenter les limitations observ\u00e9es et \u00e0 \u00e9laborer des interventions individualis\u00e9es visant \u00e0 am\u00e9liorer le fonctionnement au quotidien.<\/p><p>Les \u00e9valuations des capacit\u00e9s fonctionnelles occupent d\u2019ailleurs une place importante dans plusieurs secteurs d\u2019activit\u00e9 de la kin\u00e9siologie, notamment en r\u00e9adaptation, en retour au travail, en sant\u00e9 occupationnelle et dans certains contextes m\u00e9dico-l\u00e9gaux.<\/p><p>Nous sommes donc bien au-del\u00e0 de la simple prescription d\u2019exercices. Il s\u2019agit d\u2019<strong>une expertise clinique centr\u00e9e sur l\u2019optimisation du fonctionnement humain<\/strong>.<\/p><\/div>\t\t\t\t\t\t\t\t<\/div>\n\t\t\t\t<\/div>\n\t\t\t\t\t<\/div>\n\t\t<\/div>\n\t\t\t\t\t<\/div>\n\t\t<\/section>\n\t\t\t\t<section class=\"elementor-section elementor-top-section elementor-element elementor-element-12a3cca elementor-section-boxed elementor-section-height-default elementor-section-height-default\" data-id=\"12a3cca\" data-element_type=\"section\" data-e-type=\"section\">\n\t\t\t\t\t\t<div class=\"elementor-container elementor-column-gap-default\">\n\t\t\t\t\t<div class=\"elementor-column elementor-col-100 elementor-top-column elementor-element elementor-element-7d06694\" data-id=\"7d06694\" data-element_type=\"column\" data-e-type=\"column\">\n\t\t\t<div class=\"elementor-widget-wrap elementor-element-populated\">\n\t\t\t\t\t\t<div class=\"elementor-element elementor-element-49736cf elementor-widget-divider--view-line elementor-widget elementor-widget-divider\" data-id=\"49736cf\" data-element_type=\"widget\" data-e-type=\"widget\" data-widget_type=\"divider.default\">\n\t\t\t\t<div class=\"elementor-widget-container\">\n\t\t\t\t\t\t\t<div class=\"elementor-divider\">\n\t\t\t<span class=\"elementor-divider-separator\">\n\t\t\t\t\t\t<\/span>\n\t\t<\/div>\n\t\t\t\t\t\t<\/div>\n\t\t\t\t<\/div>\n\t\t\t\t\t<\/div>\n\t\t<\/div>\n\t\t\t\t\t<\/div>\n\t\t<\/section>\n\t\t\t\t<section class=\"elementor-section elementor-top-section elementor-element elementor-element-544d4c2 elementor-section-boxed elementor-section-height-default elementor-section-height-default\" data-id=\"544d4c2\" data-element_type=\"section\" data-e-type=\"section\">\n\t\t\t\t\t\t<div class=\"elementor-container elementor-column-gap-default\">\n\t\t\t\t\t<div class=\"elementor-column elementor-col-100 elementor-top-column elementor-element elementor-element-94db009\" data-id=\"94db009\" data-element_type=\"column\" data-e-type=\"column\">\n\t\t\t<div class=\"elementor-widget-wrap elementor-element-populated\">\n\t\t\t\t\t\t<div class=\"elementor-element elementor-element-2e725cf elementor-widget elementor-widget-heading\" data-id=\"2e725cf\" data-element_type=\"widget\" data-e-type=\"widget\" data-widget_type=\"heading.default\">\n\t\t\t\t<div class=\"elementor-widget-container\">\n\t\t\t\t\t<h2 class=\"elementor-heading-title elementor-size-default\">Une expertise particuli\u00e8rement pertinente en neurologie<\/h2>\t\t\t\t<\/div>\n\t\t\t\t<\/div>\n\t\t\t\t<div class=\"elementor-element elementor-element-0f6fc63 elementor-widget elementor-widget-text-editor\" data-id=\"0f6fc63\" data-element_type=\"widget\" data-e-type=\"widget\" data-widget_type=\"text-editor.default\">\n\t\t\t\t<div class=\"elementor-widget-container\">\n\t\t\t\t\t\t\t\t\t<p>Le d\u00e9veloppement des neurosciences a \u00e9galement contribu\u00e9 \u00e0 transformer la pratique des kin\u00e9siologues.<\/p><div><p>Les connaissances actuelles sur la neuroplasticit\u00e9 d\u00e9montrent que le cerveau conserve une capacit\u00e9 d\u2019adaptation et de r\u00e9organisation tout au long de la vie. Cette capacit\u00e9 peut \u00eatre stimul\u00e9e par l\u2019apprentissage moteur, la r\u00e9p\u00e9tition de t\u00e2ches fonctionnelles et l\u2019exposition \u00e0 des environnements favorisant le mouvement.<\/p><p>Dans ce contexte, l\u2019activit\u00e9 physique devient beaucoup plus qu\u2019un simple moyen d\u2019am\u00e9liorer la condition physique. Elle devient un outil de r\u00e9cup\u00e9ration et d\u2019adaptation neurologique.<\/p><p>De plus en plus de kin\u00e9siologues travaillent aupr\u00e8s de personnes vivant avec un AVC, la scl\u00e9rose en plaques, la maladie de Parkinson, un traumatisme cranioc\u00e9r\u00e9bral ou diverses maladies neurod\u00e9g\u00e9n\u00e9ratives. Ils participent \u00e0 l\u2019am\u00e9lioration de la marche, de l\u2019\u00e9quilibre, de l\u2019endurance, de la mobilit\u00e9 et des habilet\u00e9s fonctionnelles n\u00e9cessaires \u00e0 la participation sociale.<\/p><p>Cette r\u00e9alit\u00e9 est particuli\u00e8rement visible dans <a href=\"https:\/\/www.neuro-concept.ca\/fr\/\">les centres de r\u00e9adaptation sp\u00e9cialis\u00e9s<\/a> o\u00f9 les interventions kin\u00e9siologiques s\u2019int\u00e8grent de plus en plus aux \u00e9quipes interdisciplinaires.<\/p><\/div>\t\t\t\t\t\t\t\t<\/div>\n\t\t\t\t<\/div>\n\t\t\t\t\t<\/div>\n\t\t<\/div>\n\t\t\t\t\t<\/div>\n\t\t<\/section>\n\t\t\t\t<section class=\"elementor-section elementor-top-section elementor-element elementor-element-23394d6 elementor-section-boxed elementor-section-height-default elementor-section-height-default\" data-id=\"23394d6\" data-element_type=\"section\" data-e-type=\"section\">\n\t\t\t\t\t\t<div class=\"elementor-container elementor-column-gap-default\">\n\t\t\t\t\t<div class=\"elementor-column elementor-col-100 elementor-top-column elementor-element elementor-element-7867f53\" data-id=\"7867f53\" data-element_type=\"column\" data-e-type=\"column\">\n\t\t\t<div class=\"elementor-widget-wrap elementor-element-populated\">\n\t\t\t\t\t\t<div class=\"elementor-element elementor-element-a6e6799 elementor-widget-divider--view-line elementor-widget elementor-widget-divider\" data-id=\"a6e6799\" data-element_type=\"widget\" data-e-type=\"widget\" data-widget_type=\"divider.default\">\n\t\t\t\t<div class=\"elementor-widget-container\">\n\t\t\t\t\t\t\t<div class=\"elementor-divider\">\n\t\t\t<span class=\"elementor-divider-separator\">\n\t\t\t\t\t\t<\/span>\n\t\t<\/div>\n\t\t\t\t\t\t<\/div>\n\t\t\t\t<\/div>\n\t\t\t\t\t<\/div>\n\t\t<\/div>\n\t\t\t\t\t<\/div>\n\t\t<\/section>\n\t\t\t\t<section class=\"elementor-section elementor-top-section elementor-element elementor-element-ace4c7a elementor-section-boxed elementor-section-height-default elementor-section-height-default\" data-id=\"ace4c7a\" data-element_type=\"section\" data-e-type=\"section\">\n\t\t\t\t\t\t<div class=\"elementor-container elementor-column-gap-default\">\n\t\t\t\t\t<div class=\"elementor-column elementor-col-100 elementor-top-column elementor-element elementor-element-bf81688\" data-id=\"bf81688\" data-element_type=\"column\" data-e-type=\"column\">\n\t\t\t<div class=\"elementor-widget-wrap elementor-element-populated\">\n\t\t\t\t\t\t<div class=\"elementor-element elementor-element-58086c5 elementor-widget elementor-widget-heading\" data-id=\"58086c5\" data-element_type=\"widget\" data-e-type=\"widget\" data-widget_type=\"heading.default\">\n\t\t\t\t<div class=\"elementor-widget-container\">\n\t\t\t\t\t<h2 class=\"elementor-heading-title elementor-size-default\">Une profession compl\u00e9mentaire plut\u00f4t que concurrente<\/h2>\t\t\t\t<\/div>\n\t\t\t\t<\/div>\n\t\t\t\t\t<\/div>\n\t\t<\/div>\n\t\t\t\t\t<\/div>\n\t\t<\/section>\n\t\t\t\t<section class=\"elementor-section elementor-top-section elementor-element elementor-element-afe8114 elementor-section-boxed elementor-section-height-default elementor-section-height-default\" data-id=\"afe8114\" data-element_type=\"section\" data-e-type=\"section\">\n\t\t\t\t\t\t<div class=\"elementor-container elementor-column-gap-default\">\n\t\t\t\t\t<div class=\"elementor-column elementor-col-100 elementor-top-column elementor-element elementor-element-6e4e615\" data-id=\"6e4e615\" data-element_type=\"column\" data-e-type=\"column\">\n\t\t\t<div class=\"elementor-widget-wrap elementor-element-populated\">\n\t\t\t\t\t\t<div class=\"elementor-element elementor-element-87e3a5f elementor-widget elementor-widget-text-editor\" data-id=\"87e3a5f\" data-element_type=\"widget\" data-e-type=\"widget\" data-widget_type=\"text-editor.default\">\n\t\t\t\t<div class=\"elementor-widget-container\">\n\t\t\t\t\t\t\t\t\t<p>Les discussions entourant l\u2019int\u00e9gration des kin\u00e9siologues \u00e0 l\u2019Ordre des ergoth\u00e9rapeutes ont parfois donn\u00e9 l\u2019impression qu\u2019il existait une confusion importante entre les professions. La r\u00e9alit\u00e9 clinique est pourtant beaucoup plus nuanc\u00e9e.<\/p><div><p><strong>Les ergoth\u00e9rapeutes, les physioth\u00e9rapeutes et les kin\u00e9siologues partagent souvent un objectif commun: am\u00e9liorer le fonctionnement et la participation de la personne dans ses activit\u00e9s de la vie quotidienne. Toutefois, chacun y contribue \u00e0 partir d\u2019un angle distinct.<\/strong><\/p><p>L\u2019ergoth\u00e9rapeute analyse principalement la relation entre la personne, ses occupations et son environnement.<\/p><p>Le physioth\u00e9rapeute se concentre davantage sur les d\u00e9ficiences, les limitations motrices et les m\u00e9canismes biom\u00e9caniques associ\u00e9s \u00e0 la r\u00e9cup\u00e9ration fonctionnelle.<\/p><p>Le kin\u00e9siologue apporte quant \u00e0 lui une expertise sp\u00e9cifique dans l\u2019\u00e9valuation des capacit\u00e9s physiques, l\u2019adaptation de l\u2019effort, le reconditionnement fonctionnel et l\u2019utilisation du mouvement comme intervention th\u00e9rapeutique.<\/p><p><strong>Ces expertises ne sont pas en comp\u00e9tition. Elles se compl\u00e8tent.<\/strong><\/p><p>Dans plusieurs <a href=\"https:\/\/www.neuro-concept.ca\/fr\/therapie-basee-sur-lactivite\/\">milieux cliniques<\/a>, cette compl\u00e9mentarit\u00e9 constitue m\u00eame l\u2019une des cl\u00e9s du succ\u00e8s des interventions de r\u00e9adaptation.<\/p><\/div>\t\t\t\t\t\t\t\t<\/div>\n\t\t\t\t<\/div>\n\t\t\t\t\t<\/div>\n\t\t<\/div>\n\t\t\t\t\t<\/div>\n\t\t<\/section>\n\t\t\t\t<section class=\"elementor-section elementor-top-section elementor-element elementor-element-52c76c5 elementor-section-boxed elementor-section-height-default elementor-section-height-default\" data-id=\"52c76c5\" data-element_type=\"section\" data-e-type=\"section\">\n\t\t\t\t\t\t<div class=\"elementor-container elementor-column-gap-default\">\n\t\t\t\t\t<div class=\"elementor-column elementor-col-100 elementor-top-column elementor-element elementor-element-63daedc\" data-id=\"63daedc\" data-element_type=\"column\" data-e-type=\"column\">\n\t\t\t<div class=\"elementor-widget-wrap elementor-element-populated\">\n\t\t\t\t\t\t<div class=\"elementor-element elementor-element-c55bd21 elementor-widget-divider--view-line elementor-widget elementor-widget-divider\" data-id=\"c55bd21\" data-element_type=\"widget\" data-e-type=\"widget\" data-widget_type=\"divider.default\">\n\t\t\t\t<div class=\"elementor-widget-container\">\n\t\t\t\t\t\t\t<div class=\"elementor-divider\">\n\t\t\t<span class=\"elementor-divider-separator\">\n\t\t\t\t\t\t<\/span>\n\t\t<\/div>\n\t\t\t\t\t\t<\/div>\n\t\t\t\t<\/div>\n\t\t\t\t\t<\/div>\n\t\t<\/div>\n\t\t\t\t\t<\/div>\n\t\t<\/section>\n\t\t\t\t<section class=\"elementor-section elementor-top-section elementor-element elementor-element-fbe16ad elementor-section-boxed elementor-section-height-default elementor-section-height-default\" data-id=\"fbe16ad\" data-element_type=\"section\" data-e-type=\"section\">\n\t\t\t\t\t\t<div class=\"elementor-container elementor-column-gap-default\">\n\t\t\t\t\t<div class=\"elementor-column elementor-col-100 elementor-top-column elementor-element elementor-element-4d93e2f\" data-id=\"4d93e2f\" data-element_type=\"column\" data-e-type=\"column\">\n\t\t\t<div class=\"elementor-widget-wrap elementor-element-populated\">\n\t\t\t\t\t\t<div class=\"elementor-element elementor-element-4954150 elementor-widget elementor-widget-heading\" data-id=\"4954150\" data-element_type=\"widget\" data-e-type=\"widget\" data-widget_type=\"heading.default\">\n\t\t\t\t<div class=\"elementor-widget-container\">\n\t\t\t\t\t<h2 class=\"elementor-heading-title elementor-size-default\">Les technologies de r\u00e9adaptation red\u00e9finissent \u00e9galement la pratique<\/h2>\t\t\t\t<\/div>\n\t\t\t\t<\/div>\n\t\t\t\t\t<\/div>\n\t\t<\/div>\n\t\t\t\t\t<\/div>\n\t\t<\/section>\n\t\t\t\t<section class=\"elementor-section elementor-top-section elementor-element elementor-element-6b6f1b6 elementor-section-boxed elementor-section-height-default elementor-section-height-default\" data-id=\"6b6f1b6\" data-element_type=\"section\" data-e-type=\"section\">\n\t\t\t\t\t\t<div class=\"elementor-container elementor-column-gap-default\">\n\t\t\t\t\t<div class=\"elementor-column elementor-col-50 elementor-top-column elementor-element elementor-element-a00d53d\" data-id=\"a00d53d\" data-element_type=\"column\" data-e-type=\"column\">\n\t\t\t<div class=\"elementor-widget-wrap elementor-element-populated\">\n\t\t\t\t\t\t<div class=\"elementor-element elementor-element-680f63b elementor-widget elementor-widget-text-editor\" data-id=\"680f63b\" data-element_type=\"widget\" data-e-type=\"widget\" data-widget_type=\"text-editor.default\">\n\t\t\t\t<div class=\"elementor-widget-container\">\n\t\t\t\t\t\t\t\t\t<p>L\u2019essor des technologies de r\u00e9adaptation contribue lui aussi \u00e0 faire \u00e9voluer la profession.<\/p><div><p>Robots de marche, stimulation \u00e9lectrique fonctionnelle, plateformes d\u2019analyse du mouvement, capteurs portables, r\u00e9alit\u00e9 virtuelle immersive et syst\u00e8mes d\u2019intelligence artificielle font d\u00e9sormais partie du paysage clinique dans plusieurs centres sp\u00e9cialis\u00e9s.<\/p><p>Ces innovations n\u00e9cessitent des professionnels capables de comprendre simultan\u00e9ment le mouvement humain, l\u2019adaptation physiologique \u00e0 l\u2019effort et les objectifs fonctionnels poursuivis en r\u00e9adaptation.<\/p><p>Dans de nombreux milieux, les kin\u00e9siologues occupent une place strat\u00e9gique dans l\u2019int\u00e9gration clinique de ces technologies, notamment en raison de leur expertise scientifique du mouvement et de leur capacit\u00e9 \u00e0 individualiser les programmes d\u2019intervention.<\/p><\/div>\t\t\t\t\t\t\t\t<\/div>\n\t\t\t\t<\/div>\n\t\t\t\t\t<\/div>\n\t\t<\/div>\n\t\t\t\t<div class=\"elementor-column elementor-col-50 elementor-top-column elementor-element elementor-element-6fed7d6\" data-id=\"6fed7d6\" data-element_type=\"column\" data-e-type=\"column\">\n\t\t\t<div class=\"elementor-widget-wrap elementor-element-populated\">\n\t\t\t\t\t\t<div class=\"elementor-element elementor-element-b824e56 elementor-widget elementor-widget-video\" data-id=\"b824e56\" data-element_type=\"widget\" data-e-type=\"widget\" data-settings=\"{&quot;youtube_url&quot;:&quot;https:\\\/\\\/www.youtube.com\\\/shorts\\\/yReXDORt4gc?feature=share&quot;,&quot;video_type&quot;:&quot;youtube&quot;,&quot;controls&quot;:&quot;yes&quot;}\" data-widget_type=\"video.default\">\n\t\t\t\t<div class=\"elementor-widget-container\">\n\t\t\t\t\t\t\t<div class=\"elementor-wrapper elementor-open-inline\">\n\t\t\t<div class=\"elementor-video\"><\/div>\t\t<\/div>\n\t\t\t\t\t\t<\/div>\n\t\t\t\t<\/div>\n\t\t\t\t<div class=\"elementor-element elementor-element-86f72a6 elementor-widget elementor-widget-text-editor\" data-id=\"86f72a6\" data-element_type=\"widget\" data-e-type=\"widget\" data-widget_type=\"text-editor.default\">\n\t\t\t\t<div class=\"elementor-widget-container\">\n\t\t\t\t\t\t\t\t\t<p><strong>\u00c0 mesure que la r\u00e9adaptation devient plus technologique, cette expertise risque de prendre encore davantage de valeur.<\/strong><\/p>\t\t\t\t\t\t\t\t<\/div>\n\t\t\t\t<\/div>\n\t\t\t\t\t<\/div>\n\t\t<\/div>\n\t\t\t\t\t<\/div>\n\t\t<\/section>\n\t\t\t\t<section class=\"elementor-section elementor-top-section elementor-element elementor-element-feffbd0 elementor-section-boxed elementor-section-height-default elementor-section-height-default\" data-id=\"feffbd0\" data-element_type=\"section\" data-e-type=\"section\">\n\t\t\t\t\t\t<div class=\"elementor-container elementor-column-gap-default\">\n\t\t\t\t\t<div class=\"elementor-column elementor-col-100 elementor-top-column elementor-element elementor-element-0ec8ef1\" data-id=\"0ec8ef1\" data-element_type=\"column\" data-e-type=\"column\">\n\t\t\t<div class=\"elementor-widget-wrap elementor-element-populated\">\n\t\t\t\t\t\t<div class=\"elementor-element elementor-element-222a6ae elementor-widget-divider--view-line elementor-widget elementor-widget-divider\" data-id=\"222a6ae\" data-element_type=\"widget\" data-e-type=\"widget\" data-widget_type=\"divider.default\">\n\t\t\t\t<div class=\"elementor-widget-container\">\n\t\t\t\t\t\t\t<div class=\"elementor-divider\">\n\t\t\t<span class=\"elementor-divider-separator\">\n\t\t\t\t\t\t<\/span>\n\t\t<\/div>\n\t\t\t\t\t\t<\/div>\n\t\t\t\t<\/div>\n\t\t\t\t\t<\/div>\n\t\t<\/div>\n\t\t\t\t\t<\/div>\n\t\t<\/section>\n\t\t\t\t<section class=\"elementor-section elementor-top-section elementor-element elementor-element-567de22 elementor-section-boxed elementor-section-height-default elementor-section-height-default\" data-id=\"567de22\" data-element_type=\"section\" data-e-type=\"section\">\n\t\t\t\t\t\t<div class=\"elementor-container elementor-column-gap-default\">\n\t\t\t\t\t<div class=\"elementor-column elementor-col-100 elementor-top-column elementor-element elementor-element-c213ae9\" data-id=\"c213ae9\" data-element_type=\"column\" data-e-type=\"column\">\n\t\t\t<div class=\"elementor-widget-wrap elementor-element-populated\">\n\t\t\t\t\t\t<div class=\"elementor-element elementor-element-05e0fb5 elementor-widget elementor-widget-heading\" data-id=\"05e0fb5\" data-element_type=\"widget\" data-e-type=\"widget\" data-widget_type=\"heading.default\">\n\t\t\t\t<div class=\"elementor-widget-container\">\n\t\t\t\t\t<h2 class=\"elementor-heading-title elementor-size-default\">Une reconnaissance implicite du r\u00f4le des kin\u00e9siologues en r\u00e9adaptation<\/h2>\t\t\t\t<\/div>\n\t\t\t\t<\/div>\n\t\t\t\t<div class=\"elementor-element elementor-element-0104f9a elementor-widget elementor-widget-text-editor\" data-id=\"0104f9a\" data-element_type=\"widget\" data-e-type=\"widget\" data-widget_type=\"text-editor.default\">\n\t\t\t\t<div class=\"elementor-widget-container\">\n\t\t\t\t\t\t\t\t\t<p>L\u2019annonce gouvernementale est particuli\u00e8rement int\u00e9ressante parce qu\u2019elle ne repose pas principalement sur la promotion de l\u2019activit\u00e9 physique. L\u2019argument mis de l\u2019avant est plut\u00f4t celui de la proximit\u00e9 des interventions entourant le maintien et la r\u00e9adaptation des capacit\u00e9s fonctionnelles.<\/p><div><p>Cette justification t\u00e9moigne d\u2019une \u00e9volution importante de la compr\u00e9hension institutionnelle de la profession. Elle reconna\u00eet implicitement que les kin\u00e9siologues ne sont pas uniquement des experts du mouvement \u00e0 des fins pr\u00e9ventives, mais \u00e9galement des professionnels dont les interventions contribuent directement au fonctionnement humain, \u00e0 l\u2019autonomie et \u00e0 la r\u00e9cup\u00e9ration des capacit\u00e9s.<\/p><p>Autrement dit, l\u2019int\u00e9gration envisag\u00e9e semble reconna\u00eetre officiellement une r\u00e9alit\u00e9 que de nombreux cliniciens observent d\u00e9j\u00e0 sur le terrain depuis plusieurs ann\u00e9es.<\/p><\/div>\t\t\t\t\t\t\t\t<\/div>\n\t\t\t\t<\/div>\n\t\t\t\t\t<\/div>\n\t\t<\/div>\n\t\t\t\t\t<\/div>\n\t\t<\/section>\n\t\t\t\t<section class=\"elementor-section elementor-top-section elementor-element elementor-element-fc75ee2 elementor-section-boxed elementor-section-height-default elementor-section-height-default\" data-id=\"fc75ee2\" data-element_type=\"section\" data-e-type=\"section\">\n\t\t\t\t\t\t<div class=\"elementor-container elementor-column-gap-default\">\n\t\t\t\t\t<div class=\"elementor-column elementor-col-100 elementor-top-column elementor-element elementor-element-3f67973\" data-id=\"3f67973\" data-element_type=\"column\" data-e-type=\"column\">\n\t\t\t<div class=\"elementor-widget-wrap elementor-element-populated\">\n\t\t\t\t\t\t<div class=\"elementor-element elementor-element-926002b elementor-widget-divider--view-line elementor-widget elementor-widget-divider\" data-id=\"926002b\" data-element_type=\"widget\" data-e-type=\"widget\" data-widget_type=\"divider.default\">\n\t\t\t\t<div class=\"elementor-widget-container\">\n\t\t\t\t\t\t\t<div class=\"elementor-divider\">\n\t\t\t<span class=\"elementor-divider-separator\">\n\t\t\t\t\t\t<\/span>\n\t\t<\/div>\n\t\t\t\t\t\t<\/div>\n\t\t\t\t<\/div>\n\t\t\t\t\t<\/div>\n\t\t<\/div>\n\t\t\t\t\t<\/div>\n\t\t<\/section>\n\t\t\t\t<section class=\"elementor-section elementor-top-section elementor-element elementor-element-8b73627 elementor-section-boxed elementor-section-height-default elementor-section-height-default\" data-id=\"8b73627\" data-element_type=\"section\" data-e-type=\"section\">\n\t\t\t\t\t\t<div class=\"elementor-container elementor-column-gap-default\">\n\t\t\t\t\t<div class=\"elementor-column elementor-col-100 elementor-top-column elementor-element elementor-element-7fdba2f\" data-id=\"7fdba2f\" data-element_type=\"column\" data-e-type=\"column\">\n\t\t\t<div class=\"elementor-widget-wrap elementor-element-populated\">\n\t\t\t\t\t\t<div class=\"elementor-element elementor-element-914f8e8 elementor-widget elementor-widget-heading\" data-id=\"914f8e8\" data-element_type=\"widget\" data-e-type=\"widget\" data-widget_type=\"heading.default\">\n\t\t\t\t<div class=\"elementor-widget-container\">\n\t\t\t\t\t<h2 class=\"elementor-heading-title elementor-size-default\">Le vieillissement de la population change les besoins du Qu\u00e9bec<\/h2>\t\t\t\t<\/div>\n\t\t\t\t<\/div>\n\t\t\t\t\t<\/div>\n\t\t<\/div>\n\t\t\t\t\t<\/div>\n\t\t<\/section>\n\t\t\t\t<section class=\"elementor-section elementor-top-section elementor-element elementor-element-4f6c08b elementor-section-boxed elementor-section-height-default elementor-section-height-default\" data-id=\"4f6c08b\" data-element_type=\"section\" data-e-type=\"section\">\n\t\t\t\t\t\t<div class=\"elementor-container elementor-column-gap-default\">\n\t\t\t\t\t<div class=\"elementor-column elementor-col-50 elementor-top-column elementor-element elementor-element-5d92204\" data-id=\"5d92204\" data-element_type=\"column\" data-e-type=\"column\">\n\t\t\t<div class=\"elementor-widget-wrap elementor-element-populated\">\n\t\t\t\t\t\t<div class=\"elementor-element elementor-element-8b1becd elementor-widget elementor-widget-text-editor\" data-id=\"8b1becd\" data-element_type=\"widget\" data-e-type=\"widget\" data-widget_type=\"text-editor.default\">\n\t\t\t\t<div class=\"elementor-widget-container\">\n\t\t\t\t\t\t\t\t\t<p>Cette \u00e9volution survient \u00e0 un moment o\u00f9 les besoins de la population qu\u00e9b\u00e9coise se transforment rapidement. Le vieillissement d\u00e9mographique s\u2019accompagne d\u2019une augmentation des maladies chroniques, des incapacit\u00e9s fonctionnelles et des besoins en r\u00e9adaptation. Gr\u00e2ce aux progr\u00e8s m\u00e9dicaux, les Qu\u00e9b\u00e9cois vivent plus longtemps. Cependant, ils vivent aussi plus longtemps avec des conditions qui affectent leur niveau de fonctionnement. D&#8217;ailleurs, un nouvel axe de recherche se d\u00e9veloppe \u00e0 travers la neurog\u00e9riatrie. Pr\u00e9server les capacit\u00e9s devient presque aussi important que traiter la maladie elle-m\u00eame.<\/p>\t\t\t\t\t\t\t\t<\/div>\n\t\t\t\t<\/div>\n\t\t\t\t\t<\/div>\n\t\t<\/div>\n\t\t\t\t<div class=\"elementor-column elementor-col-50 elementor-top-column elementor-element elementor-element-f8131a6\" data-id=\"f8131a6\" data-element_type=\"column\" data-e-type=\"column\">\n\t\t\t<div class=\"elementor-widget-wrap elementor-element-populated\">\n\t\t\t\t\t\t<div class=\"elementor-element elementor-element-43d36e0 elementor-widget elementor-widget-image\" data-id=\"43d36e0\" data-element_type=\"widget\" data-e-type=\"widget\" data-widget_type=\"image.default\">\n\t\t\t\t<div class=\"elementor-widget-container\">\n\t\t\t\t\t\t\t\t\t\t\t\t\t\t\t<img decoding=\"async\" width=\"1024\" height=\"572\" src=\"https:\/\/www.neuro-concept.ca\/wp-content\/uploads\/2026\/08\/vieillissement-1024x572.png\" class=\"attachment-large size-large wp-image-15266\" alt=\"autonomie-neuro-concept\" srcset=\"https:\/\/www.neuro-concept.ca\/wp-content\/uploads\/2026\/08\/vieillissement-1024x572.png 1024w, https:\/\/www.neuro-concept.ca\/wp-content\/uploads\/2026\/08\/vieillissement-300x167.png 300w, https:\/\/www.neuro-concept.ca\/wp-content\/uploads\/2026\/08\/vieillissement.png 1376w\" sizes=\"(max-width: 1024px) 100vw, 1024px\" \/>\t\t\t\t\t\t\t\t\t\t\t\t\t\t\t<\/div>\n\t\t\t\t<\/div>\n\t\t\t\t\t<\/div>\n\t\t<\/div>\n\t\t\t\t\t<\/div>\n\t\t<\/section>\n\t\t\t\t<section class=\"elementor-section elementor-top-section elementor-element elementor-element-3420f1e elementor-section-boxed elementor-section-height-default elementor-section-height-default\" data-id=\"3420f1e\" data-element_type=\"section\" data-e-type=\"section\">\n\t\t\t\t\t\t<div class=\"elementor-container elementor-column-gap-default\">\n\t\t\t\t\t<div class=\"elementor-column elementor-col-100 elementor-top-column elementor-element elementor-element-fa654c1\" data-id=\"fa654c1\" data-element_type=\"column\" data-e-type=\"column\">\n\t\t\t<div class=\"elementor-widget-wrap elementor-element-populated\">\n\t\t\t\t\t\t<div class=\"elementor-element elementor-element-a5a4eae elementor-widget elementor-widget-text-editor\" data-id=\"a5a4eae\" data-element_type=\"widget\" data-e-type=\"widget\" data-widget_type=\"text-editor.default\">\n\t\t\t\t<div class=\"elementor-widget-container\">\n\t\t\t\t\t\t\t\t\t<p>Peut-on continuer \u00e0 vivre \u00e0 domicile? Peut-on monter un escalier? Faire son \u00e9picerie? Reprendre ses loisirs?\u00a0Retourner au travail?<\/p><p>Ces questions occupent d\u00e9sormais une place centrale dans les parcours de soins et sont \u00e9galement au c\u0153ur du travail quotidien de nombreux kin\u00e9siologues.<\/p>\t\t\t\t\t\t\t\t<\/div>\n\t\t\t\t<\/div>\n\t\t\t\t\t<\/div>\n\t\t<\/div>\n\t\t\t\t\t<\/div>\n\t\t<\/section>\n\t\t\t\t<section class=\"elementor-section elementor-top-section elementor-element elementor-element-99e60c7 elementor-section-boxed elementor-section-height-default elementor-section-height-default\" data-id=\"99e60c7\" data-element_type=\"section\" data-e-type=\"section\">\n\t\t\t\t\t\t<div class=\"elementor-container elementor-column-gap-default\">\n\t\t\t\t\t<div class=\"elementor-column elementor-col-100 elementor-top-column elementor-element elementor-element-e398e28\" data-id=\"e398e28\" data-element_type=\"column\" data-e-type=\"column\">\n\t\t\t<div class=\"elementor-widget-wrap elementor-element-populated\">\n\t\t\t\t\t\t<div class=\"elementor-element elementor-element-6fc306a elementor-widget-divider--view-line elementor-widget elementor-widget-divider\" data-id=\"6fc306a\" data-element_type=\"widget\" data-e-type=\"widget\" data-widget_type=\"divider.default\">\n\t\t\t\t<div class=\"elementor-widget-container\">\n\t\t\t\t\t\t\t<div class=\"elementor-divider\">\n\t\t\t<span class=\"elementor-divider-separator\">\n\t\t\t\t\t\t<\/span>\n\t\t<\/div>\n\t\t\t\t\t\t<\/div>\n\t\t\t\t<\/div>\n\t\t\t\t\t<\/div>\n\t\t<\/div>\n\t\t\t\t\t<\/div>\n\t\t<\/section>\n\t\t\t\t<section class=\"elementor-section elementor-top-section elementor-element elementor-element-42d7559 elementor-section-boxed elementor-section-height-default elementor-section-height-default\" data-id=\"42d7559\" data-element_type=\"section\" data-e-type=\"section\">\n\t\t\t\t\t\t<div class=\"elementor-container elementor-column-gap-default\">\n\t\t\t\t\t<div class=\"elementor-column elementor-col-100 elementor-top-column elementor-element elementor-element-4378ade\" data-id=\"4378ade\" data-element_type=\"column\" data-e-type=\"column\">\n\t\t\t<div class=\"elementor-widget-wrap elementor-element-populated\">\n\t\t\t\t\t\t<div class=\"elementor-element elementor-element-de35b5d elementor-widget elementor-widget-heading\" data-id=\"de35b5d\" data-element_type=\"widget\" data-e-type=\"widget\" data-widget_type=\"heading.default\">\n\t\t\t\t<div class=\"elementor-widget-container\">\n\t\t\t\t\t<h2 class=\"elementor-heading-title elementor-size-default\">Les d\u00e9fis \u00e0 venir : pr\u00e9server l\u2019identit\u00e9 de la profession<\/h2>\t\t\t\t<\/div>\n\t\t\t\t<\/div>\n\t\t\t\t\t<\/div>\n\t\t<\/div>\n\t\t\t\t\t<\/div>\n\t\t<\/section>\n\t\t\t\t<section class=\"elementor-section elementor-top-section elementor-element elementor-element-b1c74bf elementor-section-boxed elementor-section-height-default elementor-section-height-default\" data-id=\"b1c74bf\" data-element_type=\"section\" data-e-type=\"section\">\n\t\t\t\t\t\t<div class=\"elementor-container elementor-column-gap-default\">\n\t\t\t\t\t<div class=\"elementor-column elementor-col-50 elementor-top-column elementor-element elementor-element-07f7297\" data-id=\"07f7297\" data-element_type=\"column\" data-e-type=\"column\">\n\t\t\t<div class=\"elementor-widget-wrap elementor-element-populated\">\n\t\t\t\t\t\t<div class=\"elementor-element elementor-element-4cec82d elementor-widget elementor-widget-text-editor\" data-id=\"4cec82d\" data-element_type=\"widget\" data-e-type=\"widget\" data-widget_type=\"text-editor.default\">\n\t\t\t\t<div class=\"elementor-widget-container\">\n\t\t\t\t\t\t\t\t\t<p>L\u2019int\u00e9gration \u00e0 l\u2019Ordre des ergoth\u00e9rapeutes repr\u00e9sente sans contredit une avanc\u00e9e importante en mati\u00e8re de protection du public et de reconnaissance professionnelle. Toutefois, cette transition soul\u00e8ve \u00e9galement un d\u00e9fi majeur: pr\u00e9server l\u2019identit\u00e9 propre de la kin\u00e9siologie.<\/p><div><p>La profession devra continuer \u00e0 faire valoir ce qui la distingue, soit son expertise approfondie du mouvement humain, de l\u2019adaptation physiologique \u00e0 l\u2019effort, du conditionnement fonctionnel et de l\u2019utilisation th\u00e9rapeutique de l\u2019activit\u00e9 physique.<\/p><p>L\u2019enjeu ne sera donc pas seulement d\u2019obtenir un encadrement professionnel mais il sera aussi de pr\u00e9server la richesse et l\u2019originalit\u00e9 d\u2019une discipline qui occupe une place unique dans l\u2019\u00e9cosyst\u00e8me de la sant\u00e9.<\/p><\/div>\t\t\t\t\t\t\t\t<\/div>\n\t\t\t\t<\/div>\n\t\t\t\t\t<\/div>\n\t\t<\/div>\n\t\t\t\t<div class=\"elementor-column elementor-col-50 elementor-top-column elementor-element elementor-element-fa8a210\" data-id=\"fa8a210\" data-element_type=\"column\" data-e-type=\"column\">\n\t\t\t<div class=\"elementor-widget-wrap elementor-element-populated\">\n\t\t\t\t\t\t<div class=\"elementor-element elementor-element-625126e elementor-widget__width-initial elementor-widget elementor-widget-image\" data-id=\"625126e\" data-element_type=\"widget\" data-e-type=\"widget\" data-widget_type=\"image.default\">\n\t\t\t\t<div class=\"elementor-widget-container\">\n\t\t\t\t\t\t\t\t\t\t\t\t\t\t\t<img loading=\"lazy\" decoding=\"async\" width=\"1024\" height=\"1024\" src=\"https:\/\/www.neuro-concept.ca\/wp-content\/uploads\/2026\/08\/Firefly_Gemini-Flash_la-mettre-au-format-carre-814978.png\" class=\"attachment-large size-large wp-image-15272\" alt=\"\" srcset=\"https:\/\/www.neuro-concept.ca\/wp-content\/uploads\/2026\/08\/Firefly_Gemini-Flash_la-mettre-au-format-carre-814978.png 1024w, https:\/\/www.neuro-concept.ca\/wp-content\/uploads\/2026\/08\/Firefly_Gemini-Flash_la-mettre-au-format-carre-814978-300x300.png 300w, https:\/\/www.neuro-concept.ca\/wp-content\/uploads\/2026\/08\/Firefly_Gemini-Flash_la-mettre-au-format-carre-814978-150x150.png 150w, https:\/\/www.neuro-concept.ca\/wp-content\/uploads\/2026\/08\/Firefly_Gemini-Flash_la-mettre-au-format-carre-814978-230x230.png 230w, https:\/\/www.neuro-concept.ca\/wp-content\/uploads\/2026\/08\/Firefly_Gemini-Flash_la-mettre-au-format-carre-814978-70x70.png 70w, https:\/\/www.neuro-concept.ca\/wp-content\/uploads\/2026\/08\/Firefly_Gemini-Flash_la-mettre-au-format-carre-814978-315x315.png 315w\" sizes=\"(max-width: 1024px) 100vw, 1024px\" \/>\t\t\t\t\t\t\t\t\t\t\t\t\t\t\t<\/div>\n\t\t\t\t<\/div>\n\t\t\t\t\t<\/div>\n\t\t<\/div>\n\t\t\t\t\t<\/div>\n\t\t<\/section>\n\t\t\t\t<section class=\"elementor-section elementor-top-section elementor-element elementor-element-a3936db elementor-section-boxed elementor-section-height-default elementor-section-height-default\" data-id=\"a3936db\" data-element_type=\"section\" data-e-type=\"section\">\n\t\t\t\t\t\t<div class=\"elementor-container elementor-column-gap-default\">\n\t\t\t\t\t<div class=\"elementor-column elementor-col-100 elementor-top-column elementor-element elementor-element-ddf3736\" data-id=\"ddf3736\" data-element_type=\"column\" data-e-type=\"column\">\n\t\t\t<div class=\"elementor-widget-wrap elementor-element-populated\">\n\t\t\t\t\t\t<div class=\"elementor-element elementor-element-9465c99 elementor-widget elementor-widget-heading\" data-id=\"9465c99\" data-element_type=\"widget\" data-e-type=\"widget\" data-widget_type=\"heading.default\">\n\t\t\t\t<div class=\"elementor-widget-container\">\n\t\t\t\t\t<h2 class=\"elementor-heading-title elementor-size-default\">Une r\u00e9forme qui en dit plus sur l\u2019avenir du syst\u00e8me de sant\u00e9 que sur celui d\u2019une profession<\/h2>\t\t\t\t<\/div>\n\t\t\t\t<\/div>\n\t\t\t\t<div class=\"elementor-element elementor-element-147547c elementor-widget elementor-widget-text-editor\" data-id=\"147547c\" data-element_type=\"widget\" data-e-type=\"widget\" data-widget_type=\"text-editor.default\">\n\t\t\t\t<div class=\"elementor-widget-container\">\n\t\t\t\t\t\t\t\t\t<p>Au fond, le v\u00e9ritable enjeu de cette r\u00e9forme d\u00e9passe largement la question de l\u2019appartenance \u00e0 un ordre professionnel. L\u2019int\u00e9gration des kin\u00e9siologues \u00e0 l\u2019Ordre des ergoth\u00e9rapeutes nous oblige \u00e0 revoir notre fa\u00e7on de concevoir la sant\u00e9. Pendant des d\u00e9cennies, notre syst\u00e8me s\u2019est principalement concentr\u00e9 sur le diagnostic et le traitement des maladies. Aujourd\u2019hui, un autre d\u00e9fi s\u2019impose : aider les personnes \u00e0 continuer de vivre, de fonctionner et de participer malgr\u00e9 ces maladies.<\/p><div><p>Dans un contexte marqu\u00e9 par le vieillissement de la population, l\u2019augmentation des maladies chroniques et la p\u00e9nurie de ressources en r\u00e9adaptation, <strong>la v\u00e9ritable richesse d\u2019une soci\u00e9t\u00e9 ne se mesure plus seulement en ann\u00e9es de vie gagn\u00e9es. Elle se mesure en ann\u00e9es de vie autonomes.<\/strong><\/p><p>Elle se mesure dans la capacit\u00e9 d\u2019une personne \u00e0 retourner travailler apr\u00e8s un AVC.<\/p><p>\u00c0 continuer de jouer avec ses petits-enfants malgr\u00e9 la maladie de Parkinson.<\/p><p>\u00c0 demeurer \u00e0 domicile malgr\u00e9 la fragilit\u00e9 li\u00e9e \u00e0 l\u2019\u00e2ge.<\/p><p>\u00c0 retrouver une vie qui a du sens apr\u00e8s une blessure ou un cancer.<\/p><p>C\u2019est pr\u00e9cis\u00e9ment sur ce terrain que les kin\u00e9siologues interviennent chaque jour.<\/p><p>Loin des clich\u00e9s associ\u00e9s uniquement \u00e0 l\u2019entra\u00eenement ou \u00e0 la remise en forme, ils participent \u00e0 quelque chose de beaucoup plus fondamental : la pr\u00e9servation du fonctionnement humain.<\/p><p>Peut-\u00eatre que la v\u00e9ritable nouvelle n\u2019est pas que les kin\u00e9siologues int\u00e8grent un ordre professionnel.<\/p><p>Peut-\u00eatre que la v\u00e9ritable nouvelle est que le Qu\u00e9bec commence enfin \u00e0 reconna\u00eetre ce qu\u2019ils apportent depuis longtemps d\u00e9j\u00e0.<\/p><p>Parce qu\u2019au-del\u00e0 de l\u2019activit\u00e9 physique, la kin\u00e9siologie est devenue une profession de r\u00e9adaptation, d\u2019autonomie et de participation sociale.<\/p><p>Et dans le syst\u00e8me de sant\u00e9 de demain, <strong>cette expertise ne sera pas seulement pertinente:<\/strong> <strong>elle sera essentielle<\/strong>.<\/p><\/div>\t\t\t\t\t\t\t\t<\/div>\n\t\t\t\t<\/div>\n\t\t\t\t\t<\/div>\n\t\t<\/div>\n\t\t\t\t\t<\/div>\n\t\t<\/section>\n\t\t\t\t<\/div>\n\t\t","protected":false},"excerpt":{"rendered":"<p>Au-del\u00e0 de l\u2019activit\u00e9 physique : l\u2019int\u00e9gration des kin\u00e9siologues \u00e0 l\u2019Ordre des ergoth\u00e9rapeutes r\u00e9v\u00e8le le r\u00f4le m\u00e9connu de la kin\u00e9siologie en r\u00e9adaptation Par Dre Murielle Grangeon, PhD, Kin, Admin.A. Imaginez deux personnes de 70 ans. La premi\u00e8re marche chaque jour, fait ses courses seule, monte les escaliers sans difficult\u00e9 et continue de participer activement \u00e0 sa&#8230;<\/p>\n","protected":false},"author":1,"featured_media":15281,"comment_status":"closed","ping_status":"closed","sticky":false,"template":"","format":"standard","meta":{"_monsterinsights_skip_tracking":false,"footnotes":""},"categories":[239],"tags":[],"class_list":["post-15263","post","type-post","status-publish","format-standard","has-post-thumbnail","hentry","category-blog"],"yoast_head":"<!-- This site is optimized with the Yoast SEO plugin v28.2 - https:\/\/yoast.com\/product\/yoast-seo-wordpress\/ -->\n<title>Kin\u00e9siologues et r\u00e9adaptation: bien plus que l\u2019activit\u00e9 physique| Neuro-Concept<\/title>\n<meta name=\"description\" content=\"L\u2019int\u00e9gration des kin\u00e9siologues \u00e0 l\u2019Ordre des ergoth\u00e9rapeutes r\u00e9v\u00e8le leur r\u00f4le essentiel en r\u00e9adaptation, autonomie et capacit\u00e9s fonctionnelles.\" \/>\n<meta name=\"robots\" content=\"index, follow, max-snippet:-1, max-image-preview:large, max-video-preview:-1\" \/>\n<link rel=\"canonical\" href=\"https:\/\/www.neuro-concept.ca\/fr\/kinesiologues-readaptation-quebec\/\" \/>\n<meta property=\"og:locale\" content=\"fr_FR\" \/>\n<meta property=\"og:type\" content=\"article\" \/>\n<meta property=\"og:title\" content=\"Kin\u00e9siologues et r\u00e9adaptation: bien plus que l\u2019activit\u00e9 physique| Neuro-Concept\" \/>\n<meta property=\"og:description\" content=\"L\u2019int\u00e9gration des kin\u00e9siologues \u00e0 l\u2019Ordre des ergoth\u00e9rapeutes r\u00e9v\u00e8le leur r\u00f4le essentiel en r\u00e9adaptation, autonomie et capacit\u00e9s fonctionnelles.\" \/>\n<meta property=\"og:url\" content=\"https:\/\/www.neuro-concept.ca\/fr\/kinesiologues-readaptation-quebec\/\" \/>\n<meta property=\"og:site_name\" content=\"Neuro-Concept - Centre de r\u00e9adaptation neurologique\" \/>\n<meta property=\"article:publisher\" content=\"https:\/\/www.facebook.com\/neuroconcept\" \/>\n<meta property=\"article:author\" content=\"www.facebook.com\/neuroconcept\" \/>\n<meta property=\"article:published_time\" content=\"2026-08-26T20:41:47+00:00\" \/>\n<meta property=\"article:modified_time\" content=\"2026-08-28T17:54:24+00:00\" \/>\n<meta property=\"og:image\" content=\"https:\/\/www.neuro-concept.ca\/wp-content\/uploads\/2026\/08\/Firefly_Gemini-Flash_traduire-cette-image-en-francais-161147.png\" \/>\n\t<meta property=\"og:image:width\" content=\"1024\" \/>\n\t<meta property=\"og:image:height\" content=\"1024\" \/>\n\t<meta property=\"og:image:type\" content=\"image\/png\" \/>\n<meta name=\"author\" content=\"murielle grangeon\" \/>\n<meta name=\"twitter:card\" content=\"summary_large_image\" \/>\n<meta name=\"twitter:creator\" content=\"@Neuro-Concept Inc.\" \/>\n<meta name=\"twitter:site\" content=\"@NeuroConcept\" \/>\n<script type=\"application\/ld+json\" class=\"yoast-schema-graph\">{\"@context\":\"https:\\\/\\\/schema.org\",\"@graph\":[{\"@type\":\"Article\",\"@id\":\"https:\\\/\\\/www.neuro-concept.ca\\\/fr\\\/kinesiologues-readaptation-quebec\\\/#article\",\"isPartOf\":{\"@id\":\"https:\\\/\\\/www.neuro-concept.ca\\\/fr\\\/kinesiologues-readaptation-quebec\\\/\"},\"author\":{\"name\":\"murielle grangeon\",\"@id\":\"https:\\\/\\\/www.neuro-concept.ca\\\/fr\\\/#\\\/schema\\\/person\\\/d44a4c9d5226f08bc4f9cc555439572c\"},\"headline\":\"La fin d\u2019un mythe : les kin\u00e9siologues ne font pas que promouvoir l\u2019activit\u00e9 physique\",\"datePublished\":\"2026-08-26T20:41:47+00:00\",\"dateModified\":\"2026-08-28T17:54:24+00:00\",\"mainEntityOfPage\":{\"@id\":\"https:\\\/\\\/www.neuro-concept.ca\\\/fr\\\/kinesiologues-readaptation-quebec\\\/\"},\"wordCount\":2400,\"publisher\":{\"@id\":\"https:\\\/\\\/www.neuro-concept.ca\\\/fr\\\/#organization\"},\"image\":{\"@id\":\"https:\\\/\\\/www.neuro-concept.ca\\\/fr\\\/kinesiologues-readaptation-quebec\\\/#primaryimage\"},\"thumbnailUrl\":\"https:\\\/\\\/www.neuro-concept.ca\\\/wp-content\\\/uploads\\\/2026\\\/08\\\/Firefly_Gemini-Flash_traduire-cette-image-en-francais-161147.png\",\"articleSection\":[\"Le blog de Neuro-Concept\"],\"inLanguage\":\"fr-ca\"},{\"@type\":\"WebPage\",\"@id\":\"https:\\\/\\\/www.neuro-concept.ca\\\/fr\\\/kinesiologues-readaptation-quebec\\\/\",\"url\":\"https:\\\/\\\/www.neuro-concept.ca\\\/fr\\\/kinesiologues-readaptation-quebec\\\/\",\"name\":\"Kin\u00e9siologues et r\u00e9adaptation: bien plus que l\u2019activit\u00e9 physique| Neuro-Concept\",\"isPartOf\":{\"@id\":\"https:\\\/\\\/www.neuro-concept.ca\\\/fr\\\/#website\"},\"primaryImageOfPage\":{\"@id\":\"https:\\\/\\\/www.neuro-concept.ca\\\/fr\\\/kinesiologues-readaptation-quebec\\\/#primaryimage\"},\"image\":{\"@id\":\"https:\\\/\\\/www.neuro-concept.ca\\\/fr\\\/kinesiologues-readaptation-quebec\\\/#primaryimage\"},\"thumbnailUrl\":\"https:\\\/\\\/www.neuro-concept.ca\\\/wp-content\\\/uploads\\\/2026\\\/08\\\/Firefly_Gemini-Flash_traduire-cette-image-en-francais-161147.png\",\"datePublished\":\"2026-08-26T20:41:47+00:00\",\"dateModified\":\"2026-08-28T17:54:24+00:00\",\"description\":\"L\u2019int\u00e9gration des kin\u00e9siologues \u00e0 l\u2019Ordre des ergoth\u00e9rapeutes r\u00e9v\u00e8le leur r\u00f4le essentiel en r\u00e9adaptation, autonomie et capacit\u00e9s fonctionnelles.\",\"breadcrumb\":{\"@id\":\"https:\\\/\\\/www.neuro-concept.ca\\\/fr\\\/kinesiologues-readaptation-quebec\\\/#breadcrumb\"},\"inLanguage\":\"fr-ca\",\"potentialAction\":[{\"@type\":\"ReadAction\",\"target\":[\"https:\\\/\\\/www.neuro-concept.ca\\\/fr\\\/kinesiologues-readaptation-quebec\\\/\"]}]},{\"@type\":\"ImageObject\",\"inLanguage\":\"fr-ca\",\"@id\":\"https:\\\/\\\/www.neuro-concept.ca\\\/fr\\\/kinesiologues-readaptation-quebec\\\/#primaryimage\",\"url\":\"https:\\\/\\\/www.neuro-concept.ca\\\/wp-content\\\/uploads\\\/2026\\\/08\\\/Firefly_Gemini-Flash_traduire-cette-image-en-francais-161147.png\",\"contentUrl\":\"https:\\\/\\\/www.neuro-concept.ca\\\/wp-content\\\/uploads\\\/2026\\\/08\\\/Firefly_Gemini-Flash_traduire-cette-image-en-francais-161147.png\",\"width\":1024,\"height\":1024,\"caption\":\"kinesiologue pour autonomie\"},{\"@type\":\"BreadcrumbList\",\"@id\":\"https:\\\/\\\/www.neuro-concept.ca\\\/fr\\\/kinesiologues-readaptation-quebec\\\/#breadcrumb\",\"itemListElement\":[{\"@type\":\"ListItem\",\"position\":1,\"name\":\"Home\",\"item\":\"https:\\\/\\\/www.neuro-concept.ca\\\/fr\\\/\"},{\"@type\":\"ListItem\",\"position\":2,\"name\":\"La fin d\u2019un mythe : les kin\u00e9siologues ne font pas que promouvoir l\u2019activit\u00e9 physique\"}]},{\"@type\":\"WebSite\",\"@id\":\"https:\\\/\\\/www.neuro-concept.ca\\\/fr\\\/#website\",\"url\":\"https:\\\/\\\/www.neuro-concept.ca\\\/fr\\\/\",\"name\":\"Neuro-Concept - Centre de r\u00e9adaptation neurologique\",\"description\":\"La sant\u00e9 - \u00c0 la port\u00e9e de tous\",\"publisher\":{\"@id\":\"https:\\\/\\\/www.neuro-concept.ca\\\/fr\\\/#organization\"},\"potentialAction\":[{\"@type\":\"SearchAction\",\"target\":{\"@type\":\"EntryPoint\",\"urlTemplate\":\"https:\\\/\\\/www.neuro-concept.ca\\\/fr\\\/?s={search_term_string}\"},\"query-input\":{\"@type\":\"PropertyValueSpecification\",\"valueRequired\":true,\"valueName\":\"search_term_string\"}}],\"inLanguage\":\"fr-ca\"},{\"@type\":\"Organization\",\"@id\":\"https:\\\/\\\/www.neuro-concept.ca\\\/fr\\\/#organization\",\"name\":\"Neuro-Concept\",\"url\":\"https:\\\/\\\/www.neuro-concept.ca\\\/fr\\\/\",\"logo\":{\"@type\":\"ImageObject\",\"inLanguage\":\"fr-ca\",\"@id\":\"https:\\\/\\\/www.neuro-concept.ca\\\/fr\\\/#\\\/schema\\\/logo\\\/image\\\/\",\"url\":\"https:\\\/\\\/www.neuro-concept.ca\\\/wp-content\\\/uploads\\\/2019\\\/07\\\/favicon-1.png\",\"contentUrl\":\"https:\\\/\\\/www.neuro-concept.ca\\\/wp-content\\\/uploads\\\/2019\\\/07\\\/favicon-1.png\",\"width\":330,\"height\":330,\"caption\":\"Neuro-Concept\"},\"image\":{\"@id\":\"https:\\\/\\\/www.neuro-concept.ca\\\/fr\\\/#\\\/schema\\\/logo\\\/image\\\/\"},\"sameAs\":[\"https:\\\/\\\/www.facebook.com\\\/neuroconcept\",\"https:\\\/\\\/x.com\\\/NeuroConcept\",\"https:\\\/\\\/www.instagram.com\\\/neuroconcept.rehab\\\/\",\"https:\\\/\\\/twitter.com\\\/NeuroConcept\"]},{\"@type\":\"Person\",\"@id\":\"https:\\\/\\\/www.neuro-concept.ca\\\/fr\\\/#\\\/schema\\\/person\\\/d44a4c9d5226f08bc4f9cc555439572c\",\"name\":\"murielle grangeon\",\"image\":{\"@type\":\"ImageObject\",\"inLanguage\":\"fr-ca\",\"@id\":\"https:\\\/\\\/secure.gravatar.com\\\/avatar\\\/c8c1558da30b4b386b3218e5286e61a1a1f497b1e62e8fc3b7c5542fd04e4df8?s=96&d=mm&r=g\",\"url\":\"https:\\\/\\\/secure.gravatar.com\\\/avatar\\\/c8c1558da30b4b386b3218e5286e61a1a1f497b1e62e8fc3b7c5542fd04e4df8?s=96&d=mm&r=g\",\"contentUrl\":\"https:\\\/\\\/secure.gravatar.com\\\/avatar\\\/c8c1558da30b4b386b3218e5286e61a1a1f497b1e62e8fc3b7c5542fd04e4df8?s=96&d=mm&r=g\",\"caption\":\"murielle grangeon\"},\"sameAs\":[\"https:\\\/\\\/www.neuro-concept.ca\",\"www.facebook.com\\\/neuroconcept\",\"https:\\\/\\\/x.com\\\/Neuro-Concept Inc.\"]}]}<\/script>\n<!-- \/ Yoast SEO plugin. -->","yoast_head_json":{"title":"Kin\u00e9siologues et r\u00e9adaptation: bien plus que l\u2019activit\u00e9 physique| Neuro-Concept","description":"L\u2019int\u00e9gration des kin\u00e9siologues \u00e0 l\u2019Ordre des ergoth\u00e9rapeutes r\u00e9v\u00e8le leur r\u00f4le essentiel en r\u00e9adaptation, autonomie et capacit\u00e9s fonctionnelles.","robots":{"index":"index","follow":"follow","max-snippet":"max-snippet:-1","max-image-preview":"max-image-preview:large","max-video-preview":"max-video-preview:-1"},"canonical":"https:\/\/www.neuro-concept.ca\/fr\/kinesiologues-readaptation-quebec\/","og_locale":"fr_FR","og_type":"article","og_title":"Kin\u00e9siologues et r\u00e9adaptation: bien plus que l\u2019activit\u00e9 physique| Neuro-Concept","og_description":"L\u2019int\u00e9gration des kin\u00e9siologues \u00e0 l\u2019Ordre des ergoth\u00e9rapeutes r\u00e9v\u00e8le leur r\u00f4le essentiel en r\u00e9adaptation, autonomie et capacit\u00e9s fonctionnelles.","og_url":"https:\/\/www.neuro-concept.ca\/fr\/kinesiologues-readaptation-quebec\/","og_site_name":"Neuro-Concept - Centre de r\u00e9adaptation neurologique","article_publisher":"https:\/\/www.facebook.com\/neuroconcept","article_author":"www.facebook.com\/neuroconcept","article_published_time":"2026-08-26T20:41:47+00:00","article_modified_time":"2026-08-28T17:54:24+00:00","og_image":[{"width":1024,"height":1024,"url":"https:\/\/www.neuro-concept.ca\/wp-content\/uploads\/2026\/08\/Firefly_Gemini-Flash_traduire-cette-image-en-francais-161147.png","type":"image\/png"}],"author":"murielle grangeon","twitter_card":"summary_large_image","twitter_creator":"@Neuro-Concept Inc.","twitter_site":"@NeuroConcept","schema":{"@context":"https:\/\/schema.org","@graph":[{"@type":"Article","@id":"https:\/\/www.neuro-concept.ca\/fr\/kinesiologues-readaptation-quebec\/#article","isPartOf":{"@id":"https:\/\/www.neuro-concept.ca\/fr\/kinesiologues-readaptation-quebec\/"},"author":{"name":"murielle grangeon","@id":"https:\/\/www.neuro-concept.ca\/fr\/#\/schema\/person\/d44a4c9d5226f08bc4f9cc555439572c"},"headline":"La fin d\u2019un mythe : les kin\u00e9siologues ne font pas que promouvoir l\u2019activit\u00e9 physique","datePublished":"2026-08-26T20:41:47+00:00","dateModified":"2026-08-28T17:54:24+00:00","mainEntityOfPage":{"@id":"https:\/\/www.neuro-concept.ca\/fr\/kinesiologues-readaptation-quebec\/"},"wordCount":2400,"publisher":{"@id":"https:\/\/www.neuro-concept.ca\/fr\/#organization"},"image":{"@id":"https:\/\/www.neuro-concept.ca\/fr\/kinesiologues-readaptation-quebec\/#primaryimage"},"thumbnailUrl":"https:\/\/www.neuro-concept.ca\/wp-content\/uploads\/2026\/08\/Firefly_Gemini-Flash_traduire-cette-image-en-francais-161147.png","articleSection":["Le blog de Neuro-Concept"],"inLanguage":"fr-ca"},{"@type":"WebPage","@id":"https:\/\/www.neuro-concept.ca\/fr\/kinesiologues-readaptation-quebec\/","url":"https:\/\/www.neuro-concept.ca\/fr\/kinesiologues-readaptation-quebec\/","name":"Kin\u00e9siologues et r\u00e9adaptation: bien plus que l\u2019activit\u00e9 physique| Neuro-Concept","isPartOf":{"@id":"https:\/\/www.neuro-concept.ca\/fr\/#website"},"primaryImageOfPage":{"@id":"https:\/\/www.neuro-concept.ca\/fr\/kinesiologues-readaptation-quebec\/#primaryimage"},"image":{"@id":"https:\/\/www.neuro-concept.ca\/fr\/kinesiologues-readaptation-quebec\/#primaryimage"},"thumbnailUrl":"https:\/\/www.neuro-concept.ca\/wp-content\/uploads\/2026\/08\/Firefly_Gemini-Flash_traduire-cette-image-en-francais-161147.png","datePublished":"2026-08-26T20:41:47+00:00","dateModified":"2026-08-28T17:54:24+00:00","description":"L\u2019int\u00e9gration des kin\u00e9siologues \u00e0 l\u2019Ordre des ergoth\u00e9rapeutes r\u00e9v\u00e8le leur r\u00f4le essentiel en r\u00e9adaptation, autonomie et capacit\u00e9s fonctionnelles.","breadcrumb":{"@id":"https:\/\/www.neuro-concept.ca\/fr\/kinesiologues-readaptation-quebec\/#breadcrumb"},"inLanguage":"fr-ca","potentialAction":[{"@type":"ReadAction","target":["https:\/\/www.neuro-concept.ca\/fr\/kinesiologues-readaptation-quebec\/"]}]},{"@type":"ImageObject","inLanguage":"fr-ca","@id":"https:\/\/www.neuro-concept.ca\/fr\/kinesiologues-readaptation-quebec\/#primaryimage","url":"https:\/\/www.neuro-concept.ca\/wp-content\/uploads\/2026\/08\/Firefly_Gemini-Flash_traduire-cette-image-en-francais-161147.png","contentUrl":"https:\/\/www.neuro-concept.ca\/wp-content\/uploads\/2026\/08\/Firefly_Gemini-Flash_traduire-cette-image-en-francais-161147.png","width":1024,"height":1024,"caption":"kinesiologue pour autonomie"},{"@type":"BreadcrumbList","@id":"https:\/\/www.neuro-concept.ca\/fr\/kinesiologues-readaptation-quebec\/#breadcrumb","itemListElement":[{"@type":"ListItem","position":1,"name":"Home","item":"https:\/\/www.neuro-concept.ca\/fr\/"},{"@type":"ListItem","position":2,"name":"La fin d\u2019un mythe : les kin\u00e9siologues ne font pas que promouvoir l\u2019activit\u00e9 physique"}]},{"@type":"WebSite","@id":"https:\/\/www.neuro-concept.ca\/fr\/#website","url":"https:\/\/www.neuro-concept.ca\/fr\/","name":"Neuro-Concept - Centre de r\u00e9adaptation neurologique","description":"La sant\u00e9 - \u00c0 la port\u00e9e de tous","publisher":{"@id":"https:\/\/www.neuro-concept.ca\/fr\/#organization"},"potentialAction":[{"@type":"SearchAction","target":{"@type":"EntryPoint","urlTemplate":"https:\/\/www.neuro-concept.ca\/fr\/?s={search_term_string}"},"query-input":{"@type":"PropertyValueSpecification","valueRequired":true,"valueName":"search_term_string"}}],"inLanguage":"fr-ca"},{"@type":"Organization","@id":"https:\/\/www.neuro-concept.ca\/fr\/#organization","name":"Neuro-Concept","url":"https:\/\/www.neuro-concept.ca\/fr\/","logo":{"@type":"ImageObject","inLanguage":"fr-ca","@id":"https:\/\/www.neuro-concept.ca\/fr\/#\/schema\/logo\/image\/","url":"https:\/\/www.neuro-concept.ca\/wp-content\/uploads\/2019\/07\/favicon-1.png","contentUrl":"https:\/\/www.neuro-concept.ca\/wp-content\/uploads\/2019\/07\/favicon-1.png","width":330,"height":330,"caption":"Neuro-Concept"},"image":{"@id":"https:\/\/www.neuro-concept.ca\/fr\/#\/schema\/logo\/image\/"},"sameAs":["https:\/\/www.facebook.com\/neuroconcept","https:\/\/x.com\/NeuroConcept","https:\/\/www.instagram.com\/neuroconcept.rehab\/","https:\/\/twitter.com\/NeuroConcept"]},{"@type":"Person","@id":"https:\/\/www.neuro-concept.ca\/fr\/#\/schema\/person\/d44a4c9d5226f08bc4f9cc555439572c","name":"murielle grangeon","image":{"@type":"ImageObject","inLanguage":"fr-ca","@id":"https:\/\/secure.gravatar.com\/avatar\/c8c1558da30b4b386b3218e5286e61a1a1f497b1e62e8fc3b7c5542fd04e4df8?s=96&d=mm&r=g","url":"https:\/\/secure.gravatar.com\/avatar\/c8c1558da30b4b386b3218e5286e61a1a1f497b1e62e8fc3b7c5542fd04e4df8?s=96&d=mm&r=g","contentUrl":"https:\/\/secure.gravatar.com\/avatar\/c8c1558da30b4b386b3218e5286e61a1a1f497b1e62e8fc3b7c5542fd04e4df8?s=96&d=mm&r=g","caption":"murielle grangeon"},"sameAs":["https:\/\/www.neuro-concept.ca","www.facebook.com\/neuroconcept","https:\/\/x.com\/Neuro-Concept Inc."]}]}},"_links":{"self":[{"href":"https:\/\/www.neuro-concept.ca\/fr\/wp-json\/wp\/v2\/posts\/15263","targetHints":{"allow":["GET"]}}],"collection":[{"href":"https:\/\/www.neuro-concept.ca\/fr\/wp-json\/wp\/v2\/posts"}],"about":[{"href":"https:\/\/www.neuro-concept.ca\/fr\/wp-json\/wp\/v2\/types\/post"}],"author":[{"embeddable":true,"href":"https:\/\/www.neuro-concept.ca\/fr\/wp-json\/wp\/v2\/users\/1"}],"replies":[{"embeddable":true,"href":"https:\/\/www.neuro-concept.ca\/fr\/wp-json\/wp\/v2\/comments?post=15263"}],"version-history":[{"count":11,"href":"https:\/\/www.neuro-concept.ca\/fr\/wp-json\/wp\/v2\/posts\/15263\/revisions"}],"predecessor-version":[{"id":15304,"href":"https:\/\/www.neuro-concept.ca\/fr\/wp-json\/wp\/v2\/posts\/15263\/revisions\/15304"}],"wp:featuredmedia":[{"embeddable":true,"href":"https:\/\/www.neuro-concept.ca\/fr\/wp-json\/wp\/v2\/media\/15281"}],"wp:attachment":[{"href":"https:\/\/www.neuro-concept.ca\/fr\/wp-json\/wp\/v2\/media?parent=15263"}],"wp:term":[{"taxonomy":"category","embeddable":true,"href":"https:\/\/www.neuro-concept.ca\/fr\/wp-json\/wp\/v2\/categories?post=15263"},{"taxonomy":"post_tag","embeddable":true,"href":"https:\/\/www.neuro-concept.ca\/fr\/wp-json\/wp\/v2\/tags?post=15263"}],"curies":[{"name":"wp","href":"https:\/\/api.w.org\/{rel}","templated":true}]}}