{"id":14266,"date":"2026-03-02T13:07:49","date_gmt":"2026-03-02T18:07:49","guid":{"rendered":"https:\/\/www.neuro-concept.ca\/?p=14266"},"modified":"2026-08-28T14:40:59","modified_gmt":"2026-08-28T18:40:59","slug":"avc-et-neuroplasticite","status":"publish","type":"post","link":"https:\/\/www.neuro-concept.ca\/fr\/avc-et-neuroplasticite\/","title":{"rendered":"AVC comment maximiser la neuroplasticit\u00e9"},"content":{"rendered":"\t\t<div data-elementor-type=\"wp-post\" data-elementor-id=\"14266\" class=\"elementor elementor-14266\">\n\t\t\t\t\t\t<section class=\"elementor-section elementor-top-section elementor-element elementor-element-e35c2d4 elementor-section-boxed elementor-section-height-default elementor-section-height-default\" data-id=\"e35c2d4\" data-element_type=\"section\" data-e-type=\"section\">\n\t\t\t\t\t\t<div class=\"elementor-container elementor-column-gap-default\">\n\t\t\t\t\t<div class=\"elementor-column elementor-col-100 elementor-top-column elementor-element elementor-element-955b198\" data-id=\"955b198\" data-element_type=\"column\" data-e-type=\"column\">\n\t\t\t<div class=\"elementor-widget-wrap elementor-element-populated\">\n\t\t\t\t\t\t<div class=\"elementor-element elementor-element-b4440d4 elementor-widget elementor-widget-heading\" data-id=\"b4440d4\" data-element_type=\"widget\" data-e-type=\"widget\" data-widget_type=\"heading.default\">\n\t\t\t\t<div class=\"elementor-widget-container\">\n\t\t\t\t\t<h2 class=\"elementor-heading-title elementor-size-default\">\ud83e\udde0Post\u2011AVC : comment optimiser les premiers 3 mois pour maximiser la neuroplasticit\u00e9<\/h2>\t\t\t\t<\/div>\n\t\t\t\t<\/div>\n\t\t\t\t<div class=\"elementor-element elementor-element-4e47343 elementor-widget elementor-widget-text-editor\" data-id=\"4e47343\" data-element_type=\"widget\" data-e-type=\"widget\" data-widget_type=\"text-editor.default\">\n\t\t\t\t<div class=\"elementor-widget-container\">\n\t\t\t\t\t\t\t\t\t<p><em>Par Dre Murielle Grangeon, PhD, Kin, Admin.A.<\/em><\/p>\t\t\t\t\t\t\t\t<\/div>\n\t\t\t\t<\/div>\n\t\t\t\t\t<\/div>\n\t\t<\/div>\n\t\t\t\t\t<\/div>\n\t\t<\/section>\n\t\t\t\t<section class=\"elementor-section elementor-top-section elementor-element elementor-element-b470cc4 elementor-section-boxed elementor-section-height-default elementor-section-height-default\" data-id=\"b470cc4\" data-element_type=\"section\" data-e-type=\"section\">\n\t\t\t\t\t\t<div class=\"elementor-container elementor-column-gap-default\">\n\t\t\t\t\t<div class=\"elementor-column elementor-col-100 elementor-top-column elementor-element elementor-element-17e8785\" data-id=\"17e8785\" data-element_type=\"column\" data-e-type=\"column\">\n\t\t\t<div class=\"elementor-widget-wrap elementor-element-populated\">\n\t\t\t\t\t\t<div class=\"elementor-element elementor-element-659aa1d elementor-widget elementor-widget-text-editor\" data-id=\"659aa1d\" data-element_type=\"widget\" data-e-type=\"widget\" data-widget_type=\"text-editor.default\">\n\t\t\t\t<div class=\"elementor-widget-container\">\n\t\t\t\t\t\t\t\t\t<p>La p\u00e9riode post\u2011AVC est une v\u00e9ritable course contre la montre, non pas pour \u00ab sauver \u00bb le cerveau \u2013 l\u2019urgence m\u00e9dicale appartient d\u00e9j\u00e0 au pass\u00e9 \u2013 mais pour <strong>profiter au maximum de la fen\u00eatre de neuroplasticit\u00e9<\/strong> qui s\u2019ouvre naturellement apr\u00e8s l\u2019\u00e9v\u00e9nement. Les 90 premiers jours constituent une p\u00e9riode charni\u00e8re o\u00f9 le cerveau, plus mall\u00e9able que jamais, r\u00e9pond de mani\u00e8re exceptionnelle aux stimulations.<\/p><div><p>Les recherches r\u00e9centes montrent que cette <em>fen\u00eatre sensible<\/em> (ou <strong>critical window<\/strong>) atteint un pic autour de <strong>60 \u00e0 90 jours apr\u00e8s l\u2019AVC<\/strong>, moment o\u00f9 la r\u00e9\u00e9ducation produit les plus grands b\u00e9n\u00e9fices fonctionnels. La bonne nouvelle : bien orchestr\u00e9e, cette p\u00e9riode peut transformer radicalement le pronostic de r\u00e9cup\u00e9ration.\u00a0<a href=\"https:\/\/www.nih.gov\/news-events\/nih-research-matters\/critical-time-window-rehabilitation-after-stroke\">[nih.gov]<\/a><\/p><\/div>\t\t\t\t\t\t\t\t<\/div>\n\t\t\t\t<\/div>\n\t\t\t\t\t<\/div>\n\t\t<\/div>\n\t\t\t\t\t<\/div>\n\t\t<\/section>\n\t\t\t\t<section class=\"elementor-section elementor-top-section elementor-element elementor-element-b5ceced elementor-section-boxed elementor-section-height-default elementor-section-height-default\" data-id=\"b5ceced\" data-element_type=\"section\" data-e-type=\"section\">\n\t\t\t\t\t\t<div class=\"elementor-container elementor-column-gap-default\">\n\t\t\t\t\t<div class=\"elementor-column elementor-col-100 elementor-top-column elementor-element elementor-element-2406f17\" data-id=\"2406f17\" data-element_type=\"column\" data-e-type=\"column\">\n\t\t\t<div class=\"elementor-widget-wrap elementor-element-populated\">\n\t\t\t\t\t\t<div class=\"elementor-element elementor-element-a737e9a elementor-widget elementor-widget-heading\" data-id=\"a737e9a\" data-element_type=\"widget\" data-e-type=\"widget\" data-widget_type=\"heading.default\">\n\t\t\t\t<div class=\"elementor-widget-container\">\n\t\t\t\t\t<h2 class=\"elementor-heading-title elementor-size-default\">\ud83c\udf1f 1. Comprendre la neuroplasticit\u00e9 post\u2011AVC<\/h2>\t\t\t\t<\/div>\n\t\t\t\t<\/div>\n\t\t\t\t\t<\/div>\n\t\t<\/div>\n\t\t\t\t\t<\/div>\n\t\t<\/section>\n\t\t\t\t<section class=\"elementor-section elementor-top-section elementor-element elementor-element-352207a elementor-section-boxed elementor-section-height-default elementor-section-height-default\" data-id=\"352207a\" data-element_type=\"section\" data-e-type=\"section\">\n\t\t\t\t\t\t<div class=\"elementor-container elementor-column-gap-default\">\n\t\t\t\t\t<div class=\"elementor-column elementor-col-33 elementor-top-column elementor-element elementor-element-609c15c\" data-id=\"609c15c\" data-element_type=\"column\" data-e-type=\"column\">\n\t\t\t<div class=\"elementor-widget-wrap elementor-element-populated\">\n\t\t\t\t\t\t<div class=\"elementor-element elementor-element-0df8e1d elementor-widget__width-initial elementor-widget elementor-widget-image\" data-id=\"0df8e1d\" data-element_type=\"widget\" data-e-type=\"widget\" data-widget_type=\"image.default\">\n\t\t\t\t<div class=\"elementor-widget-container\">\n\t\t\t\t\t\t\t\t\t\t\t\t\t\t\t<img fetchpriority=\"high\" decoding=\"async\" width=\"1024\" height=\"830\" src=\"https:\/\/www.neuro-concept.ca\/wp-content\/uploads\/2026\/03\/Avc-et-neuroplasticite-1.png\" class=\"attachment-large size-large wp-image-14327\" alt=\"neuro-concept stroke rehab\" srcset=\"https:\/\/www.neuro-concept.ca\/wp-content\/uploads\/2026\/03\/Avc-et-neuroplasticite-1.png 1024w, https:\/\/www.neuro-concept.ca\/wp-content\/uploads\/2026\/03\/Avc-et-neuroplasticite-1-300x243.png 300w, https:\/\/www.neuro-concept.ca\/wp-content\/uploads\/2026\/03\/Avc-et-neuroplasticite-1-700x568.png 700w\" sizes=\"(max-width: 1024px) 100vw, 1024px\" \/>\t\t\t\t\t\t\t\t\t\t\t\t\t\t\t<\/div>\n\t\t\t\t<\/div>\n\t\t\t\t\t<\/div>\n\t\t<\/div>\n\t\t\t\t<div class=\"elementor-column elementor-col-66 elementor-top-column elementor-element elementor-element-7cb9a1f\" data-id=\"7cb9a1f\" data-element_type=\"column\" data-e-type=\"column\">\n\t\t\t<div class=\"elementor-widget-wrap elementor-element-populated\">\n\t\t\t\t\t\t<div class=\"elementor-element elementor-element-8aa35ec elementor-widget elementor-widget-text-editor\" data-id=\"8aa35ec\" data-element_type=\"widget\" data-e-type=\"widget\" data-widget_type=\"text-editor.default\">\n\t\t\t\t<div class=\"elementor-widget-container\">\n\t\t\t\t\t\t\t\t\t<p>Apr\u00e8s un AVC, le cerveau active imm\u00e9diatement des m\u00e9canismes de r\u00e9paration et de r\u00e9organisation :<\/p><div><ul><li><strong>Renforcement ou affaiblissement synaptique<\/strong>,<\/li><li><strong>Remodelage dendritique<\/strong>,<\/li><li><strong>Sprouting axonal<\/strong> (croissance de nouvelles prolongations nerveuses),<\/li><li><strong>Reprogrammation corticale<\/strong> avec transfert de fonctions vers des zones indemnes.<\/li><\/ul><p>Ces m\u00e9canismes ont \u00e9t\u00e9 largement d\u00e9crits dans plusieurs synth\u00e8ses scientifiques r\u00e9centes\u200d. Ils permettent au cerveau \u00ab d\u2019apprendre \u00e0 nouveau \u00bb ce qu\u2019il a perdu. <a href=\"https:\/\/www.physiobiojournal.com\/index.php\/JPBS\/article\/view\/3\">[physiobiojournal.com]<\/a><\/p><\/div>\t\t\t\t\t\t\t\t<\/div>\n\t\t\t\t<\/div>\n\t\t\t\t\t<\/div>\n\t\t<\/div>\n\t\t\t\t\t<\/div>\n\t\t<\/section>\n\t\t\t\t<section class=\"elementor-section elementor-top-section elementor-element elementor-element-917c36c elementor-section-boxed elementor-section-height-default elementor-section-height-default\" data-id=\"917c36c\" data-element_type=\"section\" data-e-type=\"section\">\n\t\t\t\t\t\t<div class=\"elementor-container elementor-column-gap-default\">\n\t\t\t\t\t<div class=\"elementor-column elementor-col-100 elementor-top-column elementor-element elementor-element-059e2b0\" data-id=\"059e2b0\" data-element_type=\"column\" data-e-type=\"column\">\n\t\t\t<div class=\"elementor-widget-wrap elementor-element-populated\">\n\t\t\t\t\t\t<div class=\"elementor-element elementor-element-dcfe00c elementor-widget elementor-widget-heading\" data-id=\"dcfe00c\" data-element_type=\"widget\" data-e-type=\"widget\" data-widget_type=\"heading.default\">\n\t\t\t\t<div class=\"elementor-widget-container\">\n\t\t\t\t\t<h2 class=\"elementor-heading-title elementor-size-default\">\ud83d\uddd3\ufe0f 2. Pourquoi les 3 premiers mois sont\u2011ils si cruciaux ?<\/h2>\t\t\t\t<\/div>\n\t\t\t\t<\/div>\n\t\t\t\t<div class=\"elementor-element elementor-element-c9ab1da elementor-widget elementor-widget-text-editor\" data-id=\"c9ab1da\" data-element_type=\"widget\" data-e-type=\"widget\" data-widget_type=\"text-editor.default\">\n\t\t\t\t<div class=\"elementor-widget-container\">\n\t\t\t\t\t\t\t\t\t<p>Plusieurs \u00e9tudes confirment que:<\/p><div><ul><li>La <strong>neuroplasticit\u00e9 est maximale dans les 2 \u00e0 3 premiers mois<\/strong>, avec un pic autour de <strong>60\u201390 jours<\/strong>, durant lequel les patients r\u00e9pondent particuli\u00e8rement bien \u00e0 la r\u00e9\u00e9ducation intensive. <a href=\"https:\/\/www.nih.gov\/news-events\/nih-research-matters\/critical-time-window-rehabilitation-after-stroke\">[nih.gov]<\/a><\/li><li>Le cerveau devient alors plus r\u00e9actif \u00e0 la stimulation, un ph\u00e9nom\u00e8ne comparable au d\u00e9veloppement de l\u2019enfant.<\/li><li>Le retard de prise en charge au\u2011del\u00e0 de cette fen\u00eatre peut r\u00e9duire significativement le potentiel de r\u00e9cup\u00e9ration. <a href=\"https:\/\/pmc.ncbi.nlm.nih.gov\/articles\/PMC11534803\/\">[pmc.ncbi.gov]<\/a><\/li><\/ul><p>N\u00e9anmoins, contrairement \u00e0 ce que l\u2019on pensait auparavant, les capacit\u00e9s de r\u00e9cup\u00e9ration persistent bien au\u2011del\u00e0 de cette p\u00e9riode, m\u00eame en phase chronique, mais avec une <strong>sensibilit\u00e9 moindre<\/strong> aux traitements intensifs. <a href=\"https:\/\/journals.physiology.org\/doi\/full\/10.1152\/jn.00762.2018\">[journals.p&#8230;iology.org]<\/a><\/p><\/div>\t\t\t\t\t\t\t\t<\/div>\n\t\t\t\t<\/div>\n\t\t\t\t\t<\/div>\n\t\t<\/div>\n\t\t\t\t\t<\/div>\n\t\t<\/section>\n\t\t\t\t<section class=\"elementor-section elementor-top-section elementor-element elementor-element-0856bb8 elementor-section-boxed elementor-section-height-default elementor-section-height-default\" data-id=\"0856bb8\" data-element_type=\"section\" data-e-type=\"section\">\n\t\t\t\t\t\t<div class=\"elementor-container elementor-column-gap-default\">\n\t\t\t\t\t<div class=\"elementor-column elementor-col-100 elementor-top-column elementor-element elementor-element-1d24639\" data-id=\"1d24639\" data-element_type=\"column\" data-e-type=\"column\">\n\t\t\t<div class=\"elementor-widget-wrap elementor-element-populated\">\n\t\t\t\t\t\t<div class=\"elementor-element elementor-element-9ac94eb elementor-widget elementor-widget-heading\" data-id=\"9ac94eb\" data-element_type=\"widget\" data-e-type=\"widget\" data-widget_type=\"heading.default\">\n\t\t\t\t<div class=\"elementor-widget-container\">\n\t\t\t\t\t<h2 class=\"elementor-heading-title elementor-size-default\">\ud83c\udfc3\u200d\u2642\ufe0f 3. Les strat\u00e9gies essentielles pour optimiser la r\u00e9cup\u00e9ration dans les 90 premiers jours<\/h2>\t\t\t\t<\/div>\n\t\t\t\t<\/div>\n\t\t\t\t\t<\/div>\n\t\t<\/div>\n\t\t\t\t\t<\/div>\n\t\t<\/section>\n\t\t\t\t<section class=\"elementor-section elementor-top-section elementor-element elementor-element-5a0634b elementor-section-boxed elementor-section-height-default elementor-section-height-default\" data-id=\"5a0634b\" data-element_type=\"section\" data-e-type=\"section\">\n\t\t\t\t\t\t<div class=\"elementor-container elementor-column-gap-default\">\n\t\t\t\t\t<div class=\"elementor-column elementor-col-50 elementor-top-column elementor-element elementor-element-53a7d70\" data-id=\"53a7d70\" data-element_type=\"column\" data-e-type=\"column\">\n\t\t\t<div class=\"elementor-widget-wrap elementor-element-populated\">\n\t\t\t\t\t\t<div class=\"elementor-element elementor-element-d957050 elementor-widget elementor-widget-text-editor\" data-id=\"d957050\" data-element_type=\"widget\" data-e-type=\"widget\" data-widget_type=\"text-editor.default\">\n\t\t\t\t<div class=\"elementor-widget-container\">\n\t\t\t\t\t\t\t\t\t<h4><strong>1. La mobilisation pr\u00e9coce mais bien dos\u00e9e<\/strong><\/h4><div><p>Les donn\u00e9es montrent que:<\/p><ul><li>Une mobilisation r\u00e9duite <strong>dans les 24 premi\u00e8res heures<\/strong> est recommand\u00e9e (les mobilisations trop pr\u00e9coces peuvent \u00eatre d\u00e9l\u00e9t\u00e8res).<\/li><li>En revanche, la <strong>r\u00e9\u00e9ducation d\u00e8s les premiers jours \u00e0 2 semaines<\/strong> apr\u00e8s l\u2019AVC am\u00e9liore la r\u00e9cup\u00e9ration motrice et fonctionnelle, particuli\u00e8rement au niveau du membre sup\u00e9rieur (CIMT). <a href=\"http:\/\/www.ant-tnsjournal.com\/Mag_Files\/32-1\/N2023315113321.pdf\">[Early Reha&#8230;ery Period]<\/a><\/li><\/ul><h4><strong>2. Intensit\u00e9 et r\u00e9p\u00e9tition: le moteur de la plasticit\u00e9<\/strong><\/h4><p>Plus l\u2019exercice est <strong>intensif, r\u00e9p\u00e9titif et orient\u00e9 vers une t\u00e2che pr\u00e9cise<\/strong>, plus il stimule les circuits neuronaux :<\/p><ul><li>L\u2019intensit\u00e9 augmente les chances de remodelage synaptique et cortical.<\/li><li>Les exercices orient\u00e9s vers un but (t\u00e2che r\u00e9elle) renforcent l\u2019apprentissage moteur de mani\u00e8re plus efficace que les mouvements g\u00e9n\u00e9riques\u200d.<\/li><\/ul><\/div>\t\t\t\t\t\t\t\t<\/div>\n\t\t\t\t<\/div>\n\t\t\t\t\t<\/div>\n\t\t<\/div>\n\t\t\t\t<div class=\"elementor-column elementor-col-50 elementor-top-column elementor-element elementor-element-b4867c1\" data-id=\"b4867c1\" data-element_type=\"column\" data-e-type=\"column\">\n\t\t\t<div class=\"elementor-widget-wrap elementor-element-populated\">\n\t\t\t\t\t\t<div class=\"elementor-element elementor-element-84614a7 elementor-widget elementor-widget-text-editor\" data-id=\"84614a7\" data-element_type=\"widget\" data-e-type=\"widget\" data-widget_type=\"text-editor.default\">\n\t\t\t\t<div class=\"elementor-widget-container\">\n\t\t\t\t\t\t\t\t\t<p><strong style=\"font-size: 20px; color: #333333;\">3. Le choix des th\u00e9rapies bas\u00e9es sur la plasticit\u00e9<\/strong><\/p><div><p>Les approches valid\u00e9es par les recherches r\u00e9centes incluent:<\/p><ul><li><strong>CIMT (Constraint-Induced Movement Therapy)<\/strong> pour stimuler l\u2019utilisation du membre atteint\u200d <a href=\"https:\/\/www.physiobiojournal.com\/index.php\/JPBS\/article\/view\/3\">[physiobiojournal.com]<\/a><\/li><li><strong><a href=\"https:\/\/www.neuro-concept.ca\/fr\/casques-immersifs-readaptation-neurologique\/\">R\u00e9alit\u00e9 virtuelle<\/a> et <a href=\"https:\/\/www.neuro-concept.ca\/fr\/technologies-readaptation-neurologique\/robots-entrainement-marche\/robot-avec-support-de-poids\/\">robotique<\/a><\/strong>, qui augmentent la r\u00e9p\u00e9tition et la motivation\u200d <a href=\"https:\/\/link.springer.com\/article\/10.1007\/s10072-023-07012-3\">[link.springer.com]<\/a><\/li><li><strong>Stimulation c\u00e9r\u00e9brale non\u2011invasive (tDCS)<\/strong>, parfois combin\u00e9e \u00e0 de la r\u00e9\u00e9ducation motrice, m\u00eame si les b\u00e9n\u00e9fices nets restent discut\u00e9s selon les essais cliniques r\u00e9cents\u200d. <a href=\"https:\/\/www.thelancet.com\/journals\/laneur\/article\/PIIS1474-4422%2825%2900100-0\/fulltext\">[thelancet.com]<\/a><\/li><\/ul><h4><strong>4. L\u2019activit\u00e9 physique a\u00e9robie<\/strong><\/h4><p>Les exercices cardiovasculaires am\u00e9liorent:<\/p><ul><li>la perfusion c\u00e9r\u00e9brale,<\/li><li>la lib\u00e9ration de facteurs neurotrophiques,<\/li><li>les processus de r\u00e9paration neuronale. <a href=\"https:\/\/www.thestrokefoundation.org\/news\/neuroplasticity-and-stroke-recovery\">[thestrokef&#8230;dation.org]<\/a><\/li><\/ul><\/div>\t\t\t\t\t\t\t\t<\/div>\n\t\t\t\t<\/div>\n\t\t\t\t\t<\/div>\n\t\t<\/div>\n\t\t\t\t\t<\/div>\n\t\t<\/section>\n\t\t\t\t<section class=\"elementor-section elementor-top-section elementor-element elementor-element-cab923e elementor-section-boxed elementor-section-height-default elementor-section-height-default\" data-id=\"cab923e\" data-element_type=\"section\" data-e-type=\"section\">\n\t\t\t\t\t\t<div class=\"elementor-container elementor-column-gap-default\">\n\t\t\t\t\t<div class=\"elementor-column elementor-col-50 elementor-top-column elementor-element elementor-element-e9594e2\" data-id=\"e9594e2\" data-element_type=\"column\" data-e-type=\"column\">\n\t\t\t<div class=\"elementor-widget-wrap elementor-element-populated\">\n\t\t\t\t\t\t<div class=\"elementor-element elementor-element-48d5cd0 elementor-widget elementor-widget-text-editor\" data-id=\"48d5cd0\" data-element_type=\"widget\" data-e-type=\"widget\" data-widget_type=\"text-editor.default\">\n\t\t\t\t<div class=\"elementor-widget-container\">\n\t\t\t\t\t\t\t\t\t<h4><strong>5. L\u2019entra\u00eenement cognitif et multisensoriel<\/strong><\/h4><p>La plasticit\u00e9 ne concerne pas seulement le mouvement :<\/p><ul><li>m\u00e9morisation,<\/li><li>attention,<\/li><li>langage,<\/li><li>int\u00e9gration multisensorielle (sons, textures, odeurs).<br \/>Tout cela stimule des r\u00e9seaux compl\u00e9mentaires qui favorisent la r\u00e9cup\u00e9ration globale\u200d.<\/li><\/ul>\t\t\t\t\t\t\t\t<\/div>\n\t\t\t\t<\/div>\n\t\t\t\t\t<\/div>\n\t\t<\/div>\n\t\t\t\t<div class=\"elementor-column elementor-col-50 elementor-top-column elementor-element elementor-element-91ef709\" data-id=\"91ef709\" data-element_type=\"column\" data-e-type=\"column\">\n\t\t\t<div class=\"elementor-widget-wrap elementor-element-populated\">\n\t\t\t\t\t\t<div class=\"elementor-element elementor-element-8d72828 elementor-widget elementor-widget-video\" data-id=\"8d72828\" data-element_type=\"widget\" data-e-type=\"widget\" data-settings=\"{&quot;youtube_url&quot;:&quot;https:\\\/\\\/youtu.be\\\/fE4eZcyAR-4&quot;,&quot;video_type&quot;:&quot;youtube&quot;,&quot;controls&quot;:&quot;yes&quot;}\" data-widget_type=\"video.default\">\n\t\t\t\t<div class=\"elementor-widget-container\">\n\t\t\t\t\t\t\t<div class=\"elementor-wrapper elementor-open-inline\">\n\t\t\t<div class=\"elementor-video\"><\/div>\t\t<\/div>\n\t\t\t\t\t\t<\/div>\n\t\t\t\t<\/div>\n\t\t\t\t\t<\/div>\n\t\t<\/div>\n\t\t\t\t\t<\/div>\n\t\t<\/section>\n\t\t\t\t<section class=\"elementor-section elementor-top-section elementor-element elementor-element-641ad9c elementor-section-boxed elementor-section-height-default elementor-section-height-default\" data-id=\"641ad9c\" data-element_type=\"section\" data-e-type=\"section\">\n\t\t\t\t\t\t<div class=\"elementor-container elementor-column-gap-default\">\n\t\t\t\t\t<div class=\"elementor-column elementor-col-100 elementor-top-column elementor-element elementor-element-0dc0462\" data-id=\"0dc0462\" data-element_type=\"column\" data-e-type=\"column\">\n\t\t\t<div class=\"elementor-widget-wrap elementor-element-populated\">\n\t\t\t\t\t\t<div class=\"elementor-element elementor-element-d722587 elementor-widget elementor-widget-heading\" data-id=\"d722587\" data-element_type=\"widget\" data-e-type=\"widget\" data-widget_type=\"heading.default\">\n\t\t\t\t<div class=\"elementor-widget-container\">\n\t\t\t\t\t<h2 class=\"elementor-heading-title elementor-size-default\">\ud83d\udcc5 4. Plan de r\u00e9\u00e9ducation sugg\u00e9r\u00e9 sur 3 mois (inspir\u00e9 des donn\u00e9es scientifiques)<\/h2>\t\t\t\t<\/div>\n\t\t\t\t<\/div>\n\t\t\t\t<div class=\"elementor-element elementor-element-b8a31fa elementor-widget elementor-widget-text-editor\" data-id=\"b8a31fa\" data-element_type=\"widget\" data-e-type=\"widget\" data-widget_type=\"text-editor.default\">\n\t\t\t\t<div class=\"elementor-widget-container\">\n\t\t\t\t\t\t\t\t\t<p><strong style=\"font-size: 20px; color: #333333;\">Phase 1: 0\u20132 semaines<\/strong><\/p><div><p>Objectifs : r\u00e9activer doucement les circuits<\/p><ul><li>Mobilisation douce supervis\u00e9e<\/li><li>Pr\u00e9vention de la spasticit\u00e9<\/li><li>Exercices simples orient\u00e9s t\u00e2che<\/li><li>Stimulation cognitive douce<\/li><\/ul><blockquote><p>Justification : plasticit\u00e9 \u00e9lev\u00e9e mais vuln\u00e9rabilit\u00e9 neuronale \u00e9lev\u00e9e aussi \u2014 prudence recommand\u00e9e\u200d <a href=\"http:\/\/www.ant-tnsjournal.com\/Mag_Files\/32-1\/N2023315113321.pdf\">[Early Reha&#8230;ery Period]<\/a><\/p><\/blockquote><h4><strong>Phase 2: 2\u20136 semaines<\/strong><\/h4><p>Objectifs : renforcer l\u2019intensit\u00e9<\/p><ul><li>CIMT adapt\u00e9<\/li><li>S\u00e9ances <a href=\"https:\/\/www.neuro-concept.ca\/fr\/services-readaptation-neurologique\/readaptation-intensive\/\">intensives (multidisciplinaires)<\/a><ul><li>Ajout possible de VR\/robotique\/<a href=\"https:\/\/www.neuro-concept.ca\/fr\/technologies-readaptation-neurologique\/stimulation-electrique-fonctionnelle\/\">stimulation \u00e9lectrique fonctionnelle<\/a><\/li><\/ul><\/li><li>Exercices cardiovasculaires mod\u00e9r\u00e9s<\/li><\/ul><blockquote><p>Justification : phase d\u2019expansion rapide des connexions neuronales et forte r\u00e9activit\u00e9 \u00e0 la stimulation\u200d<\/p><\/blockquote><h4><strong>Phase 3: 6\u201312 semaines (60\u201390 jours = fen\u00eatre optimale)<\/strong><\/h4><p>Objectifs : consolider et maximiser les gains<\/p><ul><li>Intensification du volume et de la complexit\u00e9<\/li><li>Travail orient\u00e9 objectifs fonctionnels r\u00e9els avec stimulation \u00e9lectrique fonctionnelle<\/li><li>Combinaison th\u00e9rapies physiques avec assistance robotique si n\u00e9cessaire + cognitives<\/li><\/ul><blockquote><p>Justification : la fen\u00eatre la plus productive pour les gains fonctionnels selon plusieurs \u00e9tudes\u200d <a href=\"https:\/\/www.nih.gov\/news-events\/nih-research-matters\/critical-time-window-rehabilitation-after-stroke\">[nih.gov]<\/a><\/p><\/blockquote><h4>Phase 4: apr\u00e8s 12 semaines, la r\u00e9adaptation en phase chronique : poursuivre la progression<\/h4><p><style>\na {<br \/>    text-decoration: none;<br \/>    color: #464feb;<br \/>}<br \/>tr th, tr td {<br \/>    border: 1px solid #e6e6e6;<br \/>}<br \/>tr th {<br \/>    background-color: #f5f5f5;<br \/>}<br \/><\/style><\/p><div>M\u00eame apr\u00e8s 6 mois, la plasticit\u00e9 persiste. Une r\u00e9adaptation cibl\u00e9e en phase chronique permet encore d\u2019importants progr\u00e8s fonctionnels, particuli\u00e8rement lorsque la th\u00e9rapie reste intensive, orient\u00e9e vers les objectifs et renforc\u00e9e par des approches modernes.<\/div><\/div>\t\t\t\t\t\t\t\t<\/div>\n\t\t\t\t<\/div>\n\t\t\t\t\t<\/div>\n\t\t<\/div>\n\t\t\t\t\t<\/div>\n\t\t<\/section>\n\t\t\t\t<section class=\"elementor-section elementor-top-section elementor-element elementor-element-abd11bb elementor-section-boxed elementor-section-height-default elementor-section-height-default\" data-id=\"abd11bb\" data-element_type=\"section\" data-e-type=\"section\">\n\t\t\t\t\t\t<div class=\"elementor-container elementor-column-gap-default\">\n\t\t\t\t\t<div class=\"elementor-column elementor-col-100 elementor-top-column elementor-element elementor-element-75685cf\" data-id=\"75685cf\" data-element_type=\"column\" data-e-type=\"column\">\n\t\t\t<div class=\"elementor-widget-wrap elementor-element-populated\">\n\t\t\t\t\t\t<div class=\"elementor-element elementor-element-387aafa elementor-widget elementor-widget-heading\" data-id=\"387aafa\" data-element_type=\"widget\" data-e-type=\"widget\" data-widget_type=\"heading.default\">\n\t\t\t\t<div class=\"elementor-widget-container\">\n\t\t\t\t\t<h2 class=\"elementor-heading-title elementor-size-default\">\ud83e\udded 5. Ce qu\u2019il faut retenir<\/h2>\t\t\t\t<\/div>\n\t\t\t\t<\/div>\n\t\t\t\t\t<\/div>\n\t\t<\/div>\n\t\t\t\t\t<\/div>\n\t\t<\/section>\n\t\t\t\t<section class=\"elementor-section elementor-top-section elementor-element elementor-element-9864001 elementor-section-boxed elementor-section-height-default elementor-section-height-default\" data-id=\"9864001\" data-element_type=\"section\" data-e-type=\"section\">\n\t\t\t\t\t\t<div class=\"elementor-container elementor-column-gap-default\">\n\t\t\t\t\t<div class=\"elementor-column elementor-col-33 elementor-top-column elementor-element elementor-element-29a14f5\" data-id=\"29a14f5\" data-element_type=\"column\" data-e-type=\"column\">\n\t\t\t<div class=\"elementor-widget-wrap elementor-element-populated\">\n\t\t\t\t\t\t<div class=\"elementor-element elementor-element-245b3ef elementor-widget elementor-widget-video\" data-id=\"245b3ef\" data-element_type=\"widget\" data-e-type=\"widget\" data-settings=\"{&quot;youtube_url&quot;:&quot;https:\\\/\\\/www.youtube.com\\\/shorts\\\/8Li9mR-9RAI?feature=share&quot;,&quot;video_type&quot;:&quot;youtube&quot;,&quot;controls&quot;:&quot;yes&quot;}\" data-widget_type=\"video.default\">\n\t\t\t\t<div class=\"elementor-widget-container\">\n\t\t\t\t\t\t\t<div class=\"elementor-wrapper elementor-open-inline\">\n\t\t\t<div class=\"elementor-video\"><\/div>\t\t<\/div>\n\t\t\t\t\t\t<\/div>\n\t\t\t\t<\/div>\n\t\t\t\t\t<\/div>\n\t\t<\/div>\n\t\t\t\t<div class=\"elementor-column elementor-col-66 elementor-top-column elementor-element elementor-element-900c29e\" data-id=\"900c29e\" data-element_type=\"column\" data-e-type=\"column\">\n\t\t\t<div class=\"elementor-widget-wrap elementor-element-populated\">\n\t\t\t\t\t\t<div class=\"elementor-element elementor-element-8dbb159 elementor-widget elementor-widget-text-editor\" data-id=\"8dbb159\" data-element_type=\"widget\" data-e-type=\"widget\" data-widget_type=\"text-editor.default\">\n\t\t\t\t<div class=\"elementor-widget-container\">\n\t\t\t\t\t\t\t\t\t<p>\u2714 Le cerveau poss\u00e8de une <strong>plasticit\u00e9 exceptionnelle dans les 3 premiers mois<\/strong> post\u2011AVC.<\/p><div><p>\u2714 Le pic de r\u00e9activit\u00e9 se situe entre <strong>60 et 90 jours<\/strong>.<br \/>\u2714 Les approches les plus efficaces reposent sur :<\/p><ul><li><strong>intensit\u00e9<\/strong>,<\/li><li><strong>r\u00e9p\u00e9tition<\/strong>,<\/li><li><strong>t\u00e2ches significatives<\/strong>,<\/li><li><strong>technologies de stimulation<\/strong>,<\/li><li><strong>mobilisation pr\u00e9coce mais prudente<\/strong>.<\/li><\/ul><p>\u2714 La plasticit\u00e9 ne dispara\u00eet pas apr\u00e8s 3 mois \u2014 la r\u00e9cup\u00e9ration reste possible mais plus lente.<\/p><\/div>\t\t\t\t\t\t\t\t<\/div>\n\t\t\t\t<\/div>\n\t\t\t\t\t<\/div>\n\t\t<\/div>\n\t\t\t\t\t<\/div>\n\t\t<\/section>\n\t\t\t\t<section class=\"elementor-section elementor-top-section elementor-element elementor-element-6cdbbcd elementor-section-boxed elementor-section-height-default elementor-section-height-default\" data-id=\"6cdbbcd\" data-element_type=\"section\" data-e-type=\"section\">\n\t\t\t\t\t\t<div class=\"elementor-container elementor-column-gap-default\">\n\t\t\t\t\t<div class=\"elementor-column elementor-col-100 elementor-top-column elementor-element elementor-element-aeab77b\" data-id=\"aeab77b\" data-element_type=\"column\" data-e-type=\"column\">\n\t\t\t<div class=\"elementor-widget-wrap elementor-element-populated\">\n\t\t\t\t\t\t<div class=\"elementor-element elementor-element-fde3d26 elementor-widget elementor-widget-text-editor\" data-id=\"fde3d26\" data-element_type=\"widget\" data-e-type=\"widget\" data-widget_type=\"text-editor.default\">\n\t\t\t\t<div class=\"elementor-widget-container\">\n\t\t\t\t\t\t\t\t\t<p>La <strong>pr\u00e9vention post\u2011AVC<\/strong> demeure un pilier incontournable : gestion des facteurs de risque (hypertension, s\u00e9dentarit\u00e9, diab\u00e8te), r\u00e9entra\u00eenement \u00e0 l\u2019effort, soutien psychosocial et \u00e9ducation.<\/p>\t\t\t\t\t\t\t\t<\/div>\n\t\t\t\t<\/div>\n\t\t\t\t\t<\/div>\n\t\t<\/div>\n\t\t\t\t\t<\/div>\n\t\t<\/section>\n\t\t\t\t<\/div>\n\t\t","protected":false},"excerpt":{"rendered":"<p>\ud83e\udde0Post\u2011AVC : comment optimiser les premiers 3 mois pour maximiser la neuroplasticit\u00e9 Par Dre Murielle Grangeon, PhD, Kin, Admin.A. La p\u00e9riode post\u2011AVC est une v\u00e9ritable course contre la montre, non pas pour \u00ab sauver \u00bb le cerveau \u2013 l\u2019urgence m\u00e9dicale appartient d\u00e9j\u00e0 au pass\u00e9 \u2013 mais pour profiter au maximum de la fen\u00eatre de neuroplasticit\u00e9&#8230;<\/p>\n","protected":false},"author":1,"featured_media":14316,"comment_status":"closed","ping_status":"closed","sticky":false,"template":"","format":"standard","meta":{"_monsterinsights_skip_tracking":false,"footnotes":""},"categories":[82,239,211],"tags":[],"class_list":["post-14266","post","type-post","status-publish","format-standard","has-post-thumbnail","hentry","category-accidents-vasculaires-cerebraux-avc","category-blog","category-readaptation-expliquee"],"yoast_head":"<!-- This site is optimized with the Yoast SEO plugin v28.2 - https:\/\/yoast.com\/product\/yoast-seo-wordpress\/ -->\n<title>Post\u2011AVC : comment maximiser la neuroplasticit\u00e9 | Neuro-Concept<\/title>\n<meta name=\"description\" content=\"D\u00e9couvrez comment optimiser les 3 premiers mois apr\u00e8s un AVC gr\u00e2ce \u00e0 la neuroplasticit\u00e9, la r\u00e9adaptation intensive et la pr\u00e9vention post\u2011AVC.\" \/>\n<meta name=\"robots\" content=\"index, follow, max-snippet:-1, max-image-preview:large, max-video-preview:-1\" \/>\n<link rel=\"canonical\" href=\"https:\/\/www.neuro-concept.ca\/fr\/avc-et-neuroplasticite\/\" \/>\n<meta property=\"og:locale\" content=\"fr_FR\" \/>\n<meta property=\"og:type\" content=\"article\" \/>\n<meta property=\"og:title\" content=\"Post\u2011AVC : comment maximiser la neuroplasticit\u00e9 | Neuro-Concept\" \/>\n<meta property=\"og:description\" content=\"D\u00e9couvrez comment optimiser les 3 premiers mois apr\u00e8s un AVC gr\u00e2ce \u00e0 la neuroplasticit\u00e9, la r\u00e9adaptation intensive et la pr\u00e9vention post\u2011AVC.\" \/>\n<meta property=\"og:url\" content=\"https:\/\/www.neuro-concept.ca\/fr\/avc-et-neuroplasticite\/\" \/>\n<meta property=\"og:site_name\" content=\"Neuro-Concept - Centre de r\u00e9adaptation neurologique\" \/>\n<meta property=\"article:publisher\" content=\"https:\/\/www.facebook.com\/neuroconcept\" \/>\n<meta property=\"article:author\" content=\"www.facebook.com\/neuroconcept\" \/>\n<meta property=\"article:published_time\" content=\"2026-03-02T18:07:49+00:00\" \/>\n<meta property=\"article:modified_time\" content=\"2026-08-28T18:40:59+00:00\" \/>\n<meta property=\"og:image\" content=\"https:\/\/www.neuro-concept.ca\/wp-content\/uploads\/2026\/03\/Designer-5-1024x683.png\" \/>\n\t<meta property=\"og:image:width\" content=\"1024\" \/>\n\t<meta property=\"og:image:height\" content=\"683\" \/>\n\t<meta property=\"og:image:type\" content=\"image\/png\" \/>\n<meta name=\"author\" content=\"murielle grangeon\" \/>\n<meta name=\"twitter:card\" content=\"summary_large_image\" \/>\n<meta name=\"twitter:creator\" content=\"@Neuro-Concept Inc.\" \/>\n<meta name=\"twitter:site\" content=\"@NeuroConcept\" \/>\n<script type=\"application\/ld+json\" class=\"yoast-schema-graph\">{\"@context\":\"https:\\\/\\\/schema.org\",\"@graph\":[{\"@type\":\"Article\",\"@id\":\"https:\\\/\\\/www.neuro-concept.ca\\\/fr\\\/avc-et-neuroplasticite\\\/#article\",\"isPartOf\":{\"@id\":\"https:\\\/\\\/www.neuro-concept.ca\\\/fr\\\/avc-et-neuroplasticite\\\/\"},\"author\":{\"name\":\"murielle grangeon\",\"@id\":\"https:\\\/\\\/www.neuro-concept.ca\\\/fr\\\/#\\\/schema\\\/person\\\/d44a4c9d5226f08bc4f9cc555439572c\"},\"headline\":\"AVC comment maximiser la neuroplasticit\u00e9\",\"datePublished\":\"2026-03-02T18:07:49+00:00\",\"dateModified\":\"2026-08-28T18:40:59+00:00\",\"mainEntityOfPage\":{\"@id\":\"https:\\\/\\\/www.neuro-concept.ca\\\/fr\\\/avc-et-neuroplasticite\\\/\"},\"wordCount\":983,\"publisher\":{\"@id\":\"https:\\\/\\\/www.neuro-concept.ca\\\/fr\\\/#organization\"},\"image\":{\"@id\":\"https:\\\/\\\/www.neuro-concept.ca\\\/fr\\\/avc-et-neuroplasticite\\\/#primaryimage\"},\"thumbnailUrl\":\"https:\\\/\\\/www.neuro-concept.ca\\\/wp-content\\\/uploads\\\/2026\\\/03\\\/Designer-5.png\",\"articleSection\":[\"accidents vasculaires c\u00e9r\u00e9braux (AVC)\",\"Le blog de Neuro-Concept\",\"r\u00e9adaptation expliqu\u00e9e\"],\"inLanguage\":\"fr-ca\"},{\"@type\":\"WebPage\",\"@id\":\"https:\\\/\\\/www.neuro-concept.ca\\\/fr\\\/avc-et-neuroplasticite\\\/\",\"url\":\"https:\\\/\\\/www.neuro-concept.ca\\\/fr\\\/avc-et-neuroplasticite\\\/\",\"name\":\"Post\u2011AVC : comment maximiser la neuroplasticit\u00e9 | Neuro-Concept\",\"isPartOf\":{\"@id\":\"https:\\\/\\\/www.neuro-concept.ca\\\/fr\\\/#website\"},\"primaryImageOfPage\":{\"@id\":\"https:\\\/\\\/www.neuro-concept.ca\\\/fr\\\/avc-et-neuroplasticite\\\/#primaryimage\"},\"image\":{\"@id\":\"https:\\\/\\\/www.neuro-concept.ca\\\/fr\\\/avc-et-neuroplasticite\\\/#primaryimage\"},\"thumbnailUrl\":\"https:\\\/\\\/www.neuro-concept.ca\\\/wp-content\\\/uploads\\\/2026\\\/03\\\/Designer-5.png\",\"datePublished\":\"2026-03-02T18:07:49+00:00\",\"dateModified\":\"2026-08-28T18:40:59+00:00\",\"description\":\"D\u00e9couvrez comment optimiser les 3 premiers mois apr\u00e8s un AVC gr\u00e2ce \u00e0 la neuroplasticit\u00e9, la r\u00e9adaptation intensive et la pr\u00e9vention post\u2011AVC.\",\"breadcrumb\":{\"@id\":\"https:\\\/\\\/www.neuro-concept.ca\\\/fr\\\/avc-et-neuroplasticite\\\/#breadcrumb\"},\"inLanguage\":\"fr-ca\",\"potentialAction\":[{\"@type\":\"ReadAction\",\"target\":[\"https:\\\/\\\/www.neuro-concept.ca\\\/fr\\\/avc-et-neuroplasticite\\\/\"]}]},{\"@type\":\"ImageObject\",\"inLanguage\":\"fr-ca\",\"@id\":\"https:\\\/\\\/www.neuro-concept.ca\\\/fr\\\/avc-et-neuroplasticite\\\/#primaryimage\",\"url\":\"https:\\\/\\\/www.neuro-concept.ca\\\/wp-content\\\/uploads\\\/2026\\\/03\\\/Designer-5.png\",\"contentUrl\":\"https:\\\/\\\/www.neuro-concept.ca\\\/wp-content\\\/uploads\\\/2026\\\/03\\\/Designer-5.png\",\"width\":1536,\"height\":1024,\"caption\":\"neuro-concept\"},{\"@type\":\"BreadcrumbList\",\"@id\":\"https:\\\/\\\/www.neuro-concept.ca\\\/fr\\\/avc-et-neuroplasticite\\\/#breadcrumb\",\"itemListElement\":[{\"@type\":\"ListItem\",\"position\":1,\"name\":\"Home\",\"item\":\"https:\\\/\\\/www.neuro-concept.ca\\\/fr\\\/\"},{\"@type\":\"ListItem\",\"position\":2,\"name\":\"AVC comment maximiser la neuroplasticit\u00e9\"}]},{\"@type\":\"WebSite\",\"@id\":\"https:\\\/\\\/www.neuro-concept.ca\\\/fr\\\/#website\",\"url\":\"https:\\\/\\\/www.neuro-concept.ca\\\/fr\\\/\",\"name\":\"Neuro-Concept - Centre de r\u00e9adaptation neurologique\",\"description\":\"La sant\u00e9 - \u00c0 la port\u00e9e de tous\",\"publisher\":{\"@id\":\"https:\\\/\\\/www.neuro-concept.ca\\\/fr\\\/#organization\"},\"potentialAction\":[{\"@type\":\"SearchAction\",\"target\":{\"@type\":\"EntryPoint\",\"urlTemplate\":\"https:\\\/\\\/www.neuro-concept.ca\\\/fr\\\/?s={search_term_string}\"},\"query-input\":{\"@type\":\"PropertyValueSpecification\",\"valueRequired\":true,\"valueName\":\"search_term_string\"}}],\"inLanguage\":\"fr-ca\"},{\"@type\":\"Organization\",\"@id\":\"https:\\\/\\\/www.neuro-concept.ca\\\/fr\\\/#organization\",\"name\":\"Neuro-Concept\",\"url\":\"https:\\\/\\\/www.neuro-concept.ca\\\/fr\\\/\",\"logo\":{\"@type\":\"ImageObject\",\"inLanguage\":\"fr-ca\",\"@id\":\"https:\\\/\\\/www.neuro-concept.ca\\\/fr\\\/#\\\/schema\\\/logo\\\/image\\\/\",\"url\":\"https:\\\/\\\/www.neuro-concept.ca\\\/wp-content\\\/uploads\\\/2019\\\/07\\\/favicon-1.png\",\"contentUrl\":\"https:\\\/\\\/www.neuro-concept.ca\\\/wp-content\\\/uploads\\\/2019\\\/07\\\/favicon-1.png\",\"width\":330,\"height\":330,\"caption\":\"Neuro-Concept\"},\"image\":{\"@id\":\"https:\\\/\\\/www.neuro-concept.ca\\\/fr\\\/#\\\/schema\\\/logo\\\/image\\\/\"},\"sameAs\":[\"https:\\\/\\\/www.facebook.com\\\/neuroconcept\",\"https:\\\/\\\/x.com\\\/NeuroConcept\",\"https:\\\/\\\/www.instagram.com\\\/neuroconcept.rehab\\\/\",\"https:\\\/\\\/twitter.com\\\/NeuroConcept\"]},{\"@type\":\"Person\",\"@id\":\"https:\\\/\\\/www.neuro-concept.ca\\\/fr\\\/#\\\/schema\\\/person\\\/d44a4c9d5226f08bc4f9cc555439572c\",\"name\":\"murielle grangeon\",\"image\":{\"@type\":\"ImageObject\",\"inLanguage\":\"fr-ca\",\"@id\":\"https:\\\/\\\/secure.gravatar.com\\\/avatar\\\/c8c1558da30b4b386b3218e5286e61a1a1f497b1e62e8fc3b7c5542fd04e4df8?s=96&d=mm&r=g\",\"url\":\"https:\\\/\\\/secure.gravatar.com\\\/avatar\\\/c8c1558da30b4b386b3218e5286e61a1a1f497b1e62e8fc3b7c5542fd04e4df8?s=96&d=mm&r=g\",\"contentUrl\":\"https:\\\/\\\/secure.gravatar.com\\\/avatar\\\/c8c1558da30b4b386b3218e5286e61a1a1f497b1e62e8fc3b7c5542fd04e4df8?s=96&d=mm&r=g\",\"caption\":\"murielle grangeon\"},\"sameAs\":[\"https:\\\/\\\/www.neuro-concept.ca\",\"www.facebook.com\\\/neuroconcept\",\"https:\\\/\\\/x.com\\\/Neuro-Concept Inc.\"]}]}<\/script>\n<!-- \/ Yoast SEO plugin. -->","yoast_head_json":{"title":"Post\u2011AVC : comment maximiser la neuroplasticit\u00e9 | Neuro-Concept","description":"D\u00e9couvrez comment optimiser les 3 premiers mois apr\u00e8s un AVC gr\u00e2ce \u00e0 la neuroplasticit\u00e9, la r\u00e9adaptation intensive et la pr\u00e9vention post\u2011AVC.","robots":{"index":"index","follow":"follow","max-snippet":"max-snippet:-1","max-image-preview":"max-image-preview:large","max-video-preview":"max-video-preview:-1"},"canonical":"https:\/\/www.neuro-concept.ca\/fr\/avc-et-neuroplasticite\/","og_locale":"fr_FR","og_type":"article","og_title":"Post\u2011AVC : comment maximiser la neuroplasticit\u00e9 | Neuro-Concept","og_description":"D\u00e9couvrez comment optimiser les 3 premiers mois apr\u00e8s un AVC gr\u00e2ce \u00e0 la neuroplasticit\u00e9, la r\u00e9adaptation intensive et la pr\u00e9vention post\u2011AVC.","og_url":"https:\/\/www.neuro-concept.ca\/fr\/avc-et-neuroplasticite\/","og_site_name":"Neuro-Concept - Centre de r\u00e9adaptation neurologique","article_publisher":"https:\/\/www.facebook.com\/neuroconcept","article_author":"www.facebook.com\/neuroconcept","article_published_time":"2026-03-02T18:07:49+00:00","article_modified_time":"2026-08-28T18:40:59+00:00","og_image":[{"width":1024,"height":683,"url":"https:\/\/www.neuro-concept.ca\/wp-content\/uploads\/2026\/03\/Designer-5-1024x683.png","type":"image\/png"}],"author":"murielle grangeon","twitter_card":"summary_large_image","twitter_creator":"@Neuro-Concept Inc.","twitter_site":"@NeuroConcept","schema":{"@context":"https:\/\/schema.org","@graph":[{"@type":"Article","@id":"https:\/\/www.neuro-concept.ca\/fr\/avc-et-neuroplasticite\/#article","isPartOf":{"@id":"https:\/\/www.neuro-concept.ca\/fr\/avc-et-neuroplasticite\/"},"author":{"name":"murielle grangeon","@id":"https:\/\/www.neuro-concept.ca\/fr\/#\/schema\/person\/d44a4c9d5226f08bc4f9cc555439572c"},"headline":"AVC comment maximiser la neuroplasticit\u00e9","datePublished":"2026-03-02T18:07:49+00:00","dateModified":"2026-08-28T18:40:59+00:00","mainEntityOfPage":{"@id":"https:\/\/www.neuro-concept.ca\/fr\/avc-et-neuroplasticite\/"},"wordCount":983,"publisher":{"@id":"https:\/\/www.neuro-concept.ca\/fr\/#organization"},"image":{"@id":"https:\/\/www.neuro-concept.ca\/fr\/avc-et-neuroplasticite\/#primaryimage"},"thumbnailUrl":"https:\/\/www.neuro-concept.ca\/wp-content\/uploads\/2026\/03\/Designer-5.png","articleSection":["accidents vasculaires c\u00e9r\u00e9braux (AVC)","Le blog de Neuro-Concept","r\u00e9adaptation expliqu\u00e9e"],"inLanguage":"fr-ca"},{"@type":"WebPage","@id":"https:\/\/www.neuro-concept.ca\/fr\/avc-et-neuroplasticite\/","url":"https:\/\/www.neuro-concept.ca\/fr\/avc-et-neuroplasticite\/","name":"Post\u2011AVC : comment maximiser la neuroplasticit\u00e9 | Neuro-Concept","isPartOf":{"@id":"https:\/\/www.neuro-concept.ca\/fr\/#website"},"primaryImageOfPage":{"@id":"https:\/\/www.neuro-concept.ca\/fr\/avc-et-neuroplasticite\/#primaryimage"},"image":{"@id":"https:\/\/www.neuro-concept.ca\/fr\/avc-et-neuroplasticite\/#primaryimage"},"thumbnailUrl":"https:\/\/www.neuro-concept.ca\/wp-content\/uploads\/2026\/03\/Designer-5.png","datePublished":"2026-03-02T18:07:49+00:00","dateModified":"2026-08-28T18:40:59+00:00","description":"D\u00e9couvrez comment optimiser les 3 premiers mois apr\u00e8s un AVC gr\u00e2ce \u00e0 la neuroplasticit\u00e9, la r\u00e9adaptation intensive et la pr\u00e9vention post\u2011AVC.","breadcrumb":{"@id":"https:\/\/www.neuro-concept.ca\/fr\/avc-et-neuroplasticite\/#breadcrumb"},"inLanguage":"fr-ca","potentialAction":[{"@type":"ReadAction","target":["https:\/\/www.neuro-concept.ca\/fr\/avc-et-neuroplasticite\/"]}]},{"@type":"ImageObject","inLanguage":"fr-ca","@id":"https:\/\/www.neuro-concept.ca\/fr\/avc-et-neuroplasticite\/#primaryimage","url":"https:\/\/www.neuro-concept.ca\/wp-content\/uploads\/2026\/03\/Designer-5.png","contentUrl":"https:\/\/www.neuro-concept.ca\/wp-content\/uploads\/2026\/03\/Designer-5.png","width":1536,"height":1024,"caption":"neuro-concept"},{"@type":"BreadcrumbList","@id":"https:\/\/www.neuro-concept.ca\/fr\/avc-et-neuroplasticite\/#breadcrumb","itemListElement":[{"@type":"ListItem","position":1,"name":"Home","item":"https:\/\/www.neuro-concept.ca\/fr\/"},{"@type":"ListItem","position":2,"name":"AVC comment maximiser la neuroplasticit\u00e9"}]},{"@type":"WebSite","@id":"https:\/\/www.neuro-concept.ca\/fr\/#website","url":"https:\/\/www.neuro-concept.ca\/fr\/","name":"Neuro-Concept - Centre de r\u00e9adaptation neurologique","description":"La sant\u00e9 - \u00c0 la port\u00e9e de tous","publisher":{"@id":"https:\/\/www.neuro-concept.ca\/fr\/#organization"},"potentialAction":[{"@type":"SearchAction","target":{"@type":"EntryPoint","urlTemplate":"https:\/\/www.neuro-concept.ca\/fr\/?s={search_term_string}"},"query-input":{"@type":"PropertyValueSpecification","valueRequired":true,"valueName":"search_term_string"}}],"inLanguage":"fr-ca"},{"@type":"Organization","@id":"https:\/\/www.neuro-concept.ca\/fr\/#organization","name":"Neuro-Concept","url":"https:\/\/www.neuro-concept.ca\/fr\/","logo":{"@type":"ImageObject","inLanguage":"fr-ca","@id":"https:\/\/www.neuro-concept.ca\/fr\/#\/schema\/logo\/image\/","url":"https:\/\/www.neuro-concept.ca\/wp-content\/uploads\/2019\/07\/favicon-1.png","contentUrl":"https:\/\/www.neuro-concept.ca\/wp-content\/uploads\/2019\/07\/favicon-1.png","width":330,"height":330,"caption":"Neuro-Concept"},"image":{"@id":"https:\/\/www.neuro-concept.ca\/fr\/#\/schema\/logo\/image\/"},"sameAs":["https:\/\/www.facebook.com\/neuroconcept","https:\/\/x.com\/NeuroConcept","https:\/\/www.instagram.com\/neuroconcept.rehab\/","https:\/\/twitter.com\/NeuroConcept"]},{"@type":"Person","@id":"https:\/\/www.neuro-concept.ca\/fr\/#\/schema\/person\/d44a4c9d5226f08bc4f9cc555439572c","name":"murielle grangeon","image":{"@type":"ImageObject","inLanguage":"fr-ca","@id":"https:\/\/secure.gravatar.com\/avatar\/c8c1558da30b4b386b3218e5286e61a1a1f497b1e62e8fc3b7c5542fd04e4df8?s=96&d=mm&r=g","url":"https:\/\/secure.gravatar.com\/avatar\/c8c1558da30b4b386b3218e5286e61a1a1f497b1e62e8fc3b7c5542fd04e4df8?s=96&d=mm&r=g","contentUrl":"https:\/\/secure.gravatar.com\/avatar\/c8c1558da30b4b386b3218e5286e61a1a1f497b1e62e8fc3b7c5542fd04e4df8?s=96&d=mm&r=g","caption":"murielle grangeon"},"sameAs":["https:\/\/www.neuro-concept.ca","www.facebook.com\/neuroconcept","https:\/\/x.com\/Neuro-Concept Inc."]}]}},"_links":{"self":[{"href":"https:\/\/www.neuro-concept.ca\/fr\/wp-json\/wp\/v2\/posts\/14266","targetHints":{"allow":["GET"]}}],"collection":[{"href":"https:\/\/www.neuro-concept.ca\/fr\/wp-json\/wp\/v2\/posts"}],"about":[{"href":"https:\/\/www.neuro-concept.ca\/fr\/wp-json\/wp\/v2\/types\/post"}],"author":[{"embeddable":true,"href":"https:\/\/www.neuro-concept.ca\/fr\/wp-json\/wp\/v2\/users\/1"}],"replies":[{"embeddable":true,"href":"https:\/\/www.neuro-concept.ca\/fr\/wp-json\/wp\/v2\/comments?post=14266"}],"version-history":[{"count":43,"href":"https:\/\/www.neuro-concept.ca\/fr\/wp-json\/wp\/v2\/posts\/14266\/revisions"}],"predecessor-version":[{"id":15382,"href":"https:\/\/www.neuro-concept.ca\/fr\/wp-json\/wp\/v2\/posts\/14266\/revisions\/15382"}],"wp:featuredmedia":[{"embeddable":true,"href":"https:\/\/www.neuro-concept.ca\/fr\/wp-json\/wp\/v2\/media\/14316"}],"wp:attachment":[{"href":"https:\/\/www.neuro-concept.ca\/fr\/wp-json\/wp\/v2\/media?parent=14266"}],"wp:term":[{"taxonomy":"category","embeddable":true,"href":"https:\/\/www.neuro-concept.ca\/fr\/wp-json\/wp\/v2\/categories?post=14266"},{"taxonomy":"post_tag","embeddable":true,"href":"https:\/\/www.neuro-concept.ca\/fr\/wp-json\/wp\/v2\/tags?post=14266"}],"curies":[{"name":"wp","href":"https:\/\/api.w.org\/{rel}","templated":true}]}}