{"id":9870,"date":"2020-11-23T15:31:04","date_gmt":"2020-11-23T20:31:04","guid":{"rendered":"https:\/\/www.neuro-concept.ca\/?p=9870"},"modified":"2020-11-23T15:56:09","modified_gmt":"2020-11-23T20:56:09","slug":"rehabilitation-and-physical-health-as-an-essential-service","status":"publish","type":"post","link":"https:\/\/www.neuro-concept.ca\/en\/rehabilitation-and-physical-health-as-an-essential-service\/","title":{"rendered":"Rehabilitation and physical health as an essential service"},"content":{"rendered":"\t\t<div data-elementor-type=\"wp-post\" data-elementor-id=\"9870\" class=\"elementor elementor-9870 elementor-9852\">\n\t\t\t\t\t\t<section class=\"elementor-section elementor-top-section elementor-element elementor-element-5abed1e elementor-section-boxed elementor-section-height-default elementor-section-height-default\" data-id=\"5abed1e\" data-element_type=\"section\" data-e-type=\"section\">\n\t\t\t\t\t\t<div class=\"elementor-container elementor-column-gap-default\">\n\t\t\t\t\t<div class=\"elementor-column elementor-col-100 elementor-top-column elementor-element elementor-element-e8deb58\" data-id=\"e8deb58\" data-element_type=\"column\" data-e-type=\"column\">\n\t\t\t<div class=\"elementor-widget-wrap elementor-element-populated\">\n\t\t\t\t\t\t<div class=\"elementor-element elementor-element-3b7d9f1 elementor-widget elementor-widget-text-editor\" data-id=\"3b7d9f1\" data-element_type=\"widget\" data-e-type=\"widget\" data-widget_type=\"text-editor.default\">\n\t\t\t\t<div class=\"elementor-widget-container\">\n\t\t\t\t\t\t\t\t\tWith the Covid-19 pandemic, we were forced to realize that the field of rehabilitation and physical health was a forgotten part of the healthcare system and that the importance of its role could be poorly recognized.\n\nThere are several examples: the reopening of private rehabilitation centers was allowed simultaneously as hairdressing salons.  We also observed that rehabilitation professionals&#8217; services were requested after those of the army to help the crisis in CHSLDs. Physiotherapists and physical therapists have also been relieved to screen for the virus when they would have been much more useful by maintaining rehabilitation services. Finally, the private sector&#8217;s rehabilitation professionals have been completely sidelined despite their multiple messages sent to support the system.\n\nRehabilitation and physical health must be an essential service, even more in times of pandemics, for the simple reason that they play an undeniable role in the health of the pediatric, adult, or geriatric population, with or without a neurological disorder.\n\nHowever, one can sometimes wonder about the recognition of the urgency of the situation at the government level. It seems that the importance of rehabilitation and physical health is little recognized, reflecting a lack of political will to improve these essential services for the better health of Quebecers.\n\n<h2>State of rehabilitation and physical health in the Quebec health system.<\/h2>\n\nWith the aging of the Quebec population, we see an increase in the need for rehabilitation and physical health and an increase in neurological disorders. Several observations made in the field are the consequences of a lack of consideration for this health sector and an underestimation of its importance.\n\nIntensive rehabilitation (3-5 hours per day) is non-existent in the public system. For someone newly diagnosed with a neurological problem, this approach is essential. Whether for a child or an adult, this intensive rehabilitation determines the person&#8217;s abilities in his daily life, in addition to playing a large role in his future autonomy and social participation.\n\nPhysical health services for chronic, degenerative cases or the geriatric population are often delayed. However, these services are all the more critical given that, confined at home or in a CHSLD, people who already have a decrease in their autonomy can quickly lose capacities and muscle mass, which will directly affect their potential and quality of life. A reduction in cognitive abilities has been correlated with a decline in activity among the elderly clientele.\n\nHowever, a better level of functional independence for a more extended period reduces the economic burden of populations on society. With increased autonomy, people can act as participatory actors in our society and make it a truly inclusive one.\n\nBesides, there are the survivors of Covid-19 who come out of hospitalization and intensive care wholly deconditioned. Some are also struggling with significant neurological consequences that must be taken care of.\n\nAlso, do not forget people waiting for surgery or specialized treatment, struggling with pain and mobility difficulties, or those who come out of completely deconditioned by treatments but do not know where to continue their rehabilitation because the hospital gave discharge due to limited resources by the Covid-19.\n\nIn all of these cases, rehabilitation and physical health services could have a significant impact. Indeed, physiotherapists, physical therapists, occupational therapists, kinesiologists, and others are experts in movement, mobility, autonomy, and physical conditioning. Therefore, they would have an important role to play through the pandemic to ensure that the population remains healthy despite the situation.\n\n<h2>What about physical activity in general?<\/h2>\n\nPhysical activity is essential. Its benefits are manifold, regardless of age or condition. These include decreased risk of cardiovascular disease, reduced stress levels, increased energy, better sleep, and better digestion.\n\nTherefore, we would gain by doing physical activity in the time of a pandemic, when we have seen a deterioration in physical and mental health since March 2020. We cannot say it enough: mental health and physical health are linked to one another. Kinesiologists are movement and physical activity specialists, and we should fully involve them during this period to get people moving and keep them healthy. Their preventive role in health is essential and could reduce the number of interventions. Prevention is another variable that we forget to include in the equation for allocating health budgets.\n\n<h2>Although the gyms are closed due to confinement, the rehabilitation and physiotherapy centers are still open.<\/h2>\n\nAt Neuro-Concept, our multidisciplinary team continues to serve our customers with all the expertise you need while respecting patient safety. We wear the recommended personal protection and disinfect the equipment between each use to reduce the risk of transmission of the virus to a minimum. We will be happy to assist you with your needs, whether it&#8217;s with the help of a physiotherapist, physical therapist, kinesiologist, or other professionals. Remember that getting active can reduce many ailments and prevent others.\t\t\t\t\t\t\t\t<\/div>\n\t\t\t\t<\/div>\n\t\t\t\t\t<\/div>\n\t\t<\/div>\n\t\t\t\t\t<\/div>\n\t\t<\/section>\n\t\t\t\t<\/div>\n\t\t","protected":false},"excerpt":{"rendered":"<p>With the Covid-19 pandemic, we were forced to realize that the field of rehabilitation and physical health was a forgotten part of the healthcare system and that the importance of its role could be poorly recognized. There are several examples: the reopening of private rehabilitation centers was allowed simultaneously as hairdressing salons. We also observed&#8230;<\/p>\n","protected":false},"author":9,"featured_media":9871,"comment_status":"closed","ping_status":"closed","sticky":false,"template":"","format":"standard","meta":{"_monsterinsights_skip_tracking":false,"_monsterinsights_sitenote_active":false,"_monsterinsights_sitenote_note":"","_monsterinsights_sitenote_category":0,"footnotes":""},"categories":[71],"tags":[],"class_list":["post-9870","post","type-post","status-publish","format-standard","has-post-thumbnail","hentry","category-uncategorized-en"],"yoast_head":"<!-- This site is optimized with the Yoast SEO plugin v27.5 - https:\/\/yoast.com\/product\/yoast-seo-wordpress\/ -->\n<title>Rehabilitation and physical health as an essential service | Neuro-Concept r\u00e9adaptation neurologique<\/title>\n<meta name=\"robots\" content=\"index, follow, max-snippet:-1, max-image-preview:large, max-video-preview:-1\" \/>\n<link rel=\"canonical\" href=\"https:\/\/www.neuro-concept.ca\/en\/rehabilitation-and-physical-health-as-an-essential-service\/\" \/>\n<meta property=\"og:locale\" content=\"en_US\" \/>\n<meta property=\"og:type\" content=\"article\" \/>\n<meta property=\"og:title\" content=\"Rehabilitation and physical health as an essential service | Neuro-Concept r\u00e9adaptation neurologique\" \/>\n<meta property=\"og:description\" content=\"With the Covid-19 pandemic, we were forced to realize that the field of rehabilitation and physical health was a forgotten part of the healthcare system and that the importance of its role could be poorly recognized. There are several examples: the reopening of private rehabilitation centers was allowed simultaneously as hairdressing salons. We also observed...\" \/>\n<meta property=\"og:url\" content=\"https:\/\/www.neuro-concept.ca\/en\/rehabilitation-and-physical-health-as-an-essential-service\/\" \/>\n<meta property=\"og:site_name\" content=\"Neuro-Concept - Private Rehabilitation Center\" \/>\n<meta property=\"article:publisher\" content=\"https:\/\/www.facebook.com\/neuroconcept\" \/>\n<meta property=\"article:published_time\" content=\"2020-11-23T20:31:04+00:00\" \/>\n<meta property=\"article:modified_time\" content=\"2020-11-23T20:56:09+00:00\" \/>\n<meta property=\"og:image\" content=\"https:\/\/www.neuro-concept.ca\/wp-content\/uploads\/2020\/11\/rehabilitation-and-physical-health-as-an-essential-service.jpg\" \/>\n\t<meta property=\"og:image:width\" content=\"1200\" \/>\n\t<meta property=\"og:image:height\" content=\"548\" \/>\n\t<meta property=\"og:image:type\" content=\"image\/jpeg\" \/>\n<meta name=\"author\" content=\"JBarrette\" \/>\n<meta name=\"twitter:card\" content=\"summary_large_image\" \/>\n<meta name=\"twitter:creator\" content=\"@NeuroConcept\" \/>\n<meta name=\"twitter:site\" content=\"@NeuroConcept\" \/>\n<script type=\"application\/ld+json\" class=\"yoast-schema-graph\">{\"@context\":\"https:\\\/\\\/schema.org\",\"@graph\":[{\"@type\":\"Article\",\"@id\":\"https:\\\/\\\/www.neuro-concept.ca\\\/en\\\/rehabilitation-and-physical-health-as-an-essential-service\\\/#article\",\"isPartOf\":{\"@id\":\"https:\\\/\\\/www.neuro-concept.ca\\\/en\\\/rehabilitation-and-physical-health-as-an-essential-service\\\/\"},\"author\":{\"name\":\"JBarrette\",\"@id\":\"https:\\\/\\\/www.neuro-concept.ca\\\/fr\\\/#\\\/schema\\\/person\\\/add13f1ad383c740d6e578cb30cb68f3\"},\"headline\":\"Rehabilitation and physical health as an essential service\",\"datePublished\":\"2020-11-23T20:31:04+00:00\",\"dateModified\":\"2020-11-23T20:56:09+00:00\",\"mainEntityOfPage\":{\"@id\":\"https:\\\/\\\/www.neuro-concept.ca\\\/en\\\/rehabilitation-and-physical-health-as-an-essential-service\\\/\"},\"wordCount\":804,\"publisher\":{\"@id\":\"https:\\\/\\\/www.neuro-concept.ca\\\/fr\\\/#organization\"},\"image\":{\"@id\":\"https:\\\/\\\/www.neuro-concept.ca\\\/en\\\/rehabilitation-and-physical-health-as-an-essential-service\\\/#primaryimage\"},\"thumbnailUrl\":\"https:\\\/\\\/www.neuro-concept.ca\\\/wp-content\\\/uploads\\\/2020\\\/11\\\/rehabilitation-and-physical-health-as-an-essential-service.jpg\",\"articleSection\":[\"Uncategorized @en\"],\"inLanguage\":\"en-ca\"},{\"@type\":\"WebPage\",\"@id\":\"https:\\\/\\\/www.neuro-concept.ca\\\/en\\\/rehabilitation-and-physical-health-as-an-essential-service\\\/\",\"url\":\"https:\\\/\\\/www.neuro-concept.ca\\\/en\\\/rehabilitation-and-physical-health-as-an-essential-service\\\/\",\"name\":\"Rehabilitation and physical health as an essential service | Neuro-Concept r\u00e9adaptation neurologique\",\"isPartOf\":{\"@id\":\"https:\\\/\\\/www.neuro-concept.ca\\\/fr\\\/#website\"},\"primaryImageOfPage\":{\"@id\":\"https:\\\/\\\/www.neuro-concept.ca\\\/en\\\/rehabilitation-and-physical-health-as-an-essential-service\\\/#primaryimage\"},\"image\":{\"@id\":\"https:\\\/\\\/www.neuro-concept.ca\\\/en\\\/rehabilitation-and-physical-health-as-an-essential-service\\\/#primaryimage\"},\"thumbnailUrl\":\"https:\\\/\\\/www.neuro-concept.ca\\\/wp-content\\\/uploads\\\/2020\\\/11\\\/rehabilitation-and-physical-health-as-an-essential-service.jpg\",\"datePublished\":\"2020-11-23T20:31:04+00:00\",\"dateModified\":\"2020-11-23T20:56:09+00:00\",\"breadcrumb\":{\"@id\":\"https:\\\/\\\/www.neuro-concept.ca\\\/en\\\/rehabilitation-and-physical-health-as-an-essential-service\\\/#breadcrumb\"},\"inLanguage\":\"en-ca\",\"potentialAction\":[{\"@type\":\"ReadAction\",\"target\":[\"https:\\\/\\\/www.neuro-concept.ca\\\/en\\\/rehabilitation-and-physical-health-as-an-essential-service\\\/\"]}]},{\"@type\":\"ImageObject\",\"inLanguage\":\"en-ca\",\"@id\":\"https:\\\/\\\/www.neuro-concept.ca\\\/en\\\/rehabilitation-and-physical-health-as-an-essential-service\\\/#primaryimage\",\"url\":\"https:\\\/\\\/www.neuro-concept.ca\\\/wp-content\\\/uploads\\\/2020\\\/11\\\/rehabilitation-and-physical-health-as-an-essential-service.jpg\",\"contentUrl\":\"https:\\\/\\\/www.neuro-concept.ca\\\/wp-content\\\/uploads\\\/2020\\\/11\\\/rehabilitation-and-physical-health-as-an-essential-service.jpg\",\"width\":1200,\"height\":548,\"caption\":\"Rehabilitation and physical health as an essential service\"},{\"@type\":\"BreadcrumbList\",\"@id\":\"https:\\\/\\\/www.neuro-concept.ca\\\/en\\\/rehabilitation-and-physical-health-as-an-essential-service\\\/#breadcrumb\",\"itemListElement\":[{\"@type\":\"ListItem\",\"position\":1,\"name\":\"Home\",\"item\":\"https:\\\/\\\/www.neuro-concept.ca\\\/en\\\/\"},{\"@type\":\"ListItem\",\"position\":2,\"name\":\"Rehabilitation and physical health as an essential service\"}]},{\"@type\":\"WebSite\",\"@id\":\"https:\\\/\\\/www.neuro-concept.ca\\\/fr\\\/#website\",\"url\":\"https:\\\/\\\/www.neuro-concept.ca\\\/fr\\\/\",\"name\":\"Neuro-Concept - Private Rehabilitation Center\",\"description\":\"La sant\u00e9 - \u00c0 la port\u00e9e de tous\",\"publisher\":{\"@id\":\"https:\\\/\\\/www.neuro-concept.ca\\\/fr\\\/#organization\"},\"potentialAction\":[{\"@type\":\"SearchAction\",\"target\":{\"@type\":\"EntryPoint\",\"urlTemplate\":\"https:\\\/\\\/www.neuro-concept.ca\\\/fr\\\/?s={search_term_string}\"},\"query-input\":{\"@type\":\"PropertyValueSpecification\",\"valueRequired\":true,\"valueName\":\"search_term_string\"}}],\"inLanguage\":\"en-ca\"},{\"@type\":\"Organization\",\"@id\":\"https:\\\/\\\/www.neuro-concept.ca\\\/fr\\\/#organization\",\"name\":\"Neuro-Concept\",\"url\":\"https:\\\/\\\/www.neuro-concept.ca\\\/fr\\\/\",\"logo\":{\"@type\":\"ImageObject\",\"inLanguage\":\"en-ca\",\"@id\":\"https:\\\/\\\/www.neuro-concept.ca\\\/fr\\\/#\\\/schema\\\/logo\\\/image\\\/\",\"url\":\"https:\\\/\\\/www.neuro-concept.ca\\\/wp-content\\\/uploads\\\/2019\\\/07\\\/favicon-1.png\",\"contentUrl\":\"https:\\\/\\\/www.neuro-concept.ca\\\/wp-content\\\/uploads\\\/2019\\\/07\\\/favicon-1.png\",\"width\":330,\"height\":330,\"caption\":\"Neuro-Concept\"},\"image\":{\"@id\":\"https:\\\/\\\/www.neuro-concept.ca\\\/fr\\\/#\\\/schema\\\/logo\\\/image\\\/\"},\"sameAs\":[\"https:\\\/\\\/www.facebook.com\\\/neuroconcept\",\"https:\\\/\\\/x.com\\\/NeuroConcept\",\"https:\\\/\\\/www.instagram.com\\\/neuroconcept.rehab\\\/\",\"https:\\\/\\\/twitter.com\\\/NeuroConcept\"]},{\"@type\":\"Person\",\"@id\":\"https:\\\/\\\/www.neuro-concept.ca\\\/fr\\\/#\\\/schema\\\/person\\\/add13f1ad383c740d6e578cb30cb68f3\",\"name\":\"JBarrette\",\"image\":{\"@type\":\"ImageObject\",\"inLanguage\":\"en-ca\",\"@id\":\"https:\\\/\\\/secure.gravatar.com\\\/avatar\\\/8e325a3909e53b62f17b7e26edd7d4972c3e369e2b5e2310f58c599d929c10f6?s=96&d=mm&r=g\",\"url\":\"https:\\\/\\\/secure.gravatar.com\\\/avatar\\\/8e325a3909e53b62f17b7e26edd7d4972c3e369e2b5e2310f58c599d929c10f6?s=96&d=mm&r=g\",\"contentUrl\":\"https:\\\/\\\/secure.gravatar.com\\\/avatar\\\/8e325a3909e53b62f17b7e26edd7d4972c3e369e2b5e2310f58c599d929c10f6?s=96&d=mm&r=g\",\"caption\":\"JBarrette\"}}]}<\/script>\n<!-- \/ Yoast SEO plugin. -->","yoast_head_json":{"title":"Rehabilitation and physical health as an essential service | Neuro-Concept r\u00e9adaptation neurologique","robots":{"index":"index","follow":"follow","max-snippet":"max-snippet:-1","max-image-preview":"max-image-preview:large","max-video-preview":"max-video-preview:-1"},"canonical":"https:\/\/www.neuro-concept.ca\/en\/rehabilitation-and-physical-health-as-an-essential-service\/","og_locale":"en_US","og_type":"article","og_title":"Rehabilitation and physical health as an essential service | Neuro-Concept r\u00e9adaptation neurologique","og_description":"With the Covid-19 pandemic, we were forced to realize that the field of rehabilitation and physical health was a forgotten part of the healthcare system and that the importance of its role could be poorly recognized. There are several examples: the reopening of private rehabilitation centers was allowed simultaneously as hairdressing salons. We also observed...","og_url":"https:\/\/www.neuro-concept.ca\/en\/rehabilitation-and-physical-health-as-an-essential-service\/","og_site_name":"Neuro-Concept - Private Rehabilitation Center","article_publisher":"https:\/\/www.facebook.com\/neuroconcept","article_published_time":"2020-11-23T20:31:04+00:00","article_modified_time":"2020-11-23T20:56:09+00:00","og_image":[{"width":1200,"height":548,"url":"https:\/\/www.neuro-concept.ca\/wp-content\/uploads\/2020\/11\/rehabilitation-and-physical-health-as-an-essential-service.jpg","type":"image\/jpeg"}],"author":"JBarrette","twitter_card":"summary_large_image","twitter_creator":"@NeuroConcept","twitter_site":"@NeuroConcept","schema":{"@context":"https:\/\/schema.org","@graph":[{"@type":"Article","@id":"https:\/\/www.neuro-concept.ca\/en\/rehabilitation-and-physical-health-as-an-essential-service\/#article","isPartOf":{"@id":"https:\/\/www.neuro-concept.ca\/en\/rehabilitation-and-physical-health-as-an-essential-service\/"},"author":{"name":"JBarrette","@id":"https:\/\/www.neuro-concept.ca\/fr\/#\/schema\/person\/add13f1ad383c740d6e578cb30cb68f3"},"headline":"Rehabilitation and physical health as an essential service","datePublished":"2020-11-23T20:31:04+00:00","dateModified":"2020-11-23T20:56:09+00:00","mainEntityOfPage":{"@id":"https:\/\/www.neuro-concept.ca\/en\/rehabilitation-and-physical-health-as-an-essential-service\/"},"wordCount":804,"publisher":{"@id":"https:\/\/www.neuro-concept.ca\/fr\/#organization"},"image":{"@id":"https:\/\/www.neuro-concept.ca\/en\/rehabilitation-and-physical-health-as-an-essential-service\/#primaryimage"},"thumbnailUrl":"https:\/\/www.neuro-concept.ca\/wp-content\/uploads\/2020\/11\/rehabilitation-and-physical-health-as-an-essential-service.jpg","articleSection":["Uncategorized @en"],"inLanguage":"en-ca"},{"@type":"WebPage","@id":"https:\/\/www.neuro-concept.ca\/en\/rehabilitation-and-physical-health-as-an-essential-service\/","url":"https:\/\/www.neuro-concept.ca\/en\/rehabilitation-and-physical-health-as-an-essential-service\/","name":"Rehabilitation and physical health as an essential service | Neuro-Concept r\u00e9adaptation neurologique","isPartOf":{"@id":"https:\/\/www.neuro-concept.ca\/fr\/#website"},"primaryImageOfPage":{"@id":"https:\/\/www.neuro-concept.ca\/en\/rehabilitation-and-physical-health-as-an-essential-service\/#primaryimage"},"image":{"@id":"https:\/\/www.neuro-concept.ca\/en\/rehabilitation-and-physical-health-as-an-essential-service\/#primaryimage"},"thumbnailUrl":"https:\/\/www.neuro-concept.ca\/wp-content\/uploads\/2020\/11\/rehabilitation-and-physical-health-as-an-essential-service.jpg","datePublished":"2020-11-23T20:31:04+00:00","dateModified":"2020-11-23T20:56:09+00:00","breadcrumb":{"@id":"https:\/\/www.neuro-concept.ca\/en\/rehabilitation-and-physical-health-as-an-essential-service\/#breadcrumb"},"inLanguage":"en-ca","potentialAction":[{"@type":"ReadAction","target":["https:\/\/www.neuro-concept.ca\/en\/rehabilitation-and-physical-health-as-an-essential-service\/"]}]},{"@type":"ImageObject","inLanguage":"en-ca","@id":"https:\/\/www.neuro-concept.ca\/en\/rehabilitation-and-physical-health-as-an-essential-service\/#primaryimage","url":"https:\/\/www.neuro-concept.ca\/wp-content\/uploads\/2020\/11\/rehabilitation-and-physical-health-as-an-essential-service.jpg","contentUrl":"https:\/\/www.neuro-concept.ca\/wp-content\/uploads\/2020\/11\/rehabilitation-and-physical-health-as-an-essential-service.jpg","width":1200,"height":548,"caption":"Rehabilitation and physical health as an essential service"},{"@type":"BreadcrumbList","@id":"https:\/\/www.neuro-concept.ca\/en\/rehabilitation-and-physical-health-as-an-essential-service\/#breadcrumb","itemListElement":[{"@type":"ListItem","position":1,"name":"Home","item":"https:\/\/www.neuro-concept.ca\/en\/"},{"@type":"ListItem","position":2,"name":"Rehabilitation and physical health as an essential service"}]},{"@type":"WebSite","@id":"https:\/\/www.neuro-concept.ca\/fr\/#website","url":"https:\/\/www.neuro-concept.ca\/fr\/","name":"Neuro-Concept - Private Rehabilitation Center","description":"La sant\u00e9 - \u00c0 la port\u00e9e de tous","publisher":{"@id":"https:\/\/www.neuro-concept.ca\/fr\/#organization"},"potentialAction":[{"@type":"SearchAction","target":{"@type":"EntryPoint","urlTemplate":"https:\/\/www.neuro-concept.ca\/fr\/?s={search_term_string}"},"query-input":{"@type":"PropertyValueSpecification","valueRequired":true,"valueName":"search_term_string"}}],"inLanguage":"en-ca"},{"@type":"Organization","@id":"https:\/\/www.neuro-concept.ca\/fr\/#organization","name":"Neuro-Concept","url":"https:\/\/www.neuro-concept.ca\/fr\/","logo":{"@type":"ImageObject","inLanguage":"en-ca","@id":"https:\/\/www.neuro-concept.ca\/fr\/#\/schema\/logo\/image\/","url":"https:\/\/www.neuro-concept.ca\/wp-content\/uploads\/2019\/07\/favicon-1.png","contentUrl":"https:\/\/www.neuro-concept.ca\/wp-content\/uploads\/2019\/07\/favicon-1.png","width":330,"height":330,"caption":"Neuro-Concept"},"image":{"@id":"https:\/\/www.neuro-concept.ca\/fr\/#\/schema\/logo\/image\/"},"sameAs":["https:\/\/www.facebook.com\/neuroconcept","https:\/\/x.com\/NeuroConcept","https:\/\/www.instagram.com\/neuroconcept.rehab\/","https:\/\/twitter.com\/NeuroConcept"]},{"@type":"Person","@id":"https:\/\/www.neuro-concept.ca\/fr\/#\/schema\/person\/add13f1ad383c740d6e578cb30cb68f3","name":"JBarrette","image":{"@type":"ImageObject","inLanguage":"en-ca","@id":"https:\/\/secure.gravatar.com\/avatar\/8e325a3909e53b62f17b7e26edd7d4972c3e369e2b5e2310f58c599d929c10f6?s=96&d=mm&r=g","url":"https:\/\/secure.gravatar.com\/avatar\/8e325a3909e53b62f17b7e26edd7d4972c3e369e2b5e2310f58c599d929c10f6?s=96&d=mm&r=g","contentUrl":"https:\/\/secure.gravatar.com\/avatar\/8e325a3909e53b62f17b7e26edd7d4972c3e369e2b5e2310f58c599d929c10f6?s=96&d=mm&r=g","caption":"JBarrette"}}]}},"_links":{"self":[{"href":"https:\/\/www.neuro-concept.ca\/en\/wp-json\/wp\/v2\/posts\/9870","targetHints":{"allow":["GET"]}}],"collection":[{"href":"https:\/\/www.neuro-concept.ca\/en\/wp-json\/wp\/v2\/posts"}],"about":[{"href":"https:\/\/www.neuro-concept.ca\/en\/wp-json\/wp\/v2\/types\/post"}],"author":[{"embeddable":true,"href":"https:\/\/www.neuro-concept.ca\/en\/wp-json\/wp\/v2\/users\/9"}],"replies":[{"embeddable":true,"href":"https:\/\/www.neuro-concept.ca\/en\/wp-json\/wp\/v2\/comments?post=9870"}],"version-history":[{"count":10,"href":"https:\/\/www.neuro-concept.ca\/en\/wp-json\/wp\/v2\/posts\/9870\/revisions"}],"predecessor-version":[{"id":9882,"href":"https:\/\/www.neuro-concept.ca\/en\/wp-json\/wp\/v2\/posts\/9870\/revisions\/9882"}],"wp:featuredmedia":[{"embeddable":true,"href":"https:\/\/www.neuro-concept.ca\/en\/wp-json\/wp\/v2\/media\/9871"}],"wp:attachment":[{"href":"https:\/\/www.neuro-concept.ca\/en\/wp-json\/wp\/v2\/media?parent=9870"}],"wp:term":[{"taxonomy":"category","embeddable":true,"href":"https:\/\/www.neuro-concept.ca\/en\/wp-json\/wp\/v2\/categories?post=9870"},{"taxonomy":"post_tag","embeddable":true,"href":"https:\/\/www.neuro-concept.ca\/en\/wp-json\/wp\/v2\/tags?post=9870"}],"curies":[{"name":"wp","href":"https:\/\/api.w.org\/{rel}","templated":true}]}}